{"id":2930,"date":"2025-06-22T00:56:29","date_gmt":"2025-06-22T03:56:29","guid":{"rendered":"https:\/\/ifd13-nqn.infd.edu.ar\/sitio\/?p=2930"},"modified":"2025-12-09T20:40:50","modified_gmt":"2025-12-09T23:40:50","slug":"profesorado-de-educacion-especial-pee-2025","status":"publish","type":"post","link":"https:\/\/ifd13-nqn.infd.edu.ar\/sitio\/profesorado-de-educacion-especial-pee-2025\/","title":{"rendered":"Profesorado de Educaci\u00f3n Especial (PEE) &#8211; 2025"},"content":{"rendered":"\n<h3 class=\"wp-block-heading has-accent-color has-text-color\">Primer A\u00f1o<\/h3>\n\n\n\n<figure class=\"wp-block-table\"><table><tbody><tr><td><strong>Espacio Curricular<\/strong><\/td><td class=\"has-text-align-center\" data-align=\"center\"><strong>Planificaciones<\/strong><\/td><td class=\"has-text-align-center\" data-align=\"center\"><strong>Programas Regulares<\/strong><\/td><\/tr><tr><td>Alfabetizaci\u00f3n Acad\u00e9mica<\/td><td class=\"has-text-align-center\" data-align=\"center\">A &#8211; B<\/td><td class=\"has-text-align-center\" data-align=\"center\"><a href=\"https:\/\/ifd13-nqn.infd.edu.ar\/sitio\/wp-content\/uploads\/2025\/11\/PEE-1\u00b0-Ano-Alfabetizacion-Academica.-Programa-2025-R.pdf\">A<\/a> &#8211; <a href=\"https:\/\/ifd13-nqn.infd.edu.ar\/sitio\/wp-content\/uploads\/2025\/11\/PEE-1\u00b0-B-Alfabetizacion-Academica-R-2025.-Campos-Sandoval.pdf\">B<\/a><\/td><\/tr><tr><td>Alfabetizaci\u00f3n Inicial (*)<\/td><td class=\"has-text-align-center\" data-align=\"center\"><a href=\"https:\/\/ifd13-nqn.infd.edu.ar\/sitio\/wp-content\/uploads\/2025\/06\/PEE-1RO-A-Alfabetizacion-inicial-CamposSanchez-L2025.docx.pdf\">A <\/a>&#8211;<a href=\"https:\/\/ifd13-nqn.infd.edu.ar\/sitio\/wp-content\/uploads\/2025\/06\/PEE-1ERO-B-ALFABETIZACION-INICIAL-Fleitas-P-L-2025.pdf\"> B<\/a><\/td><td class=\"has-text-align-center\" data-align=\"center\">A &#8211; B<\/td><\/tr><tr><td>Bases Neuropsicobiol\u00f3gicas del Sujeto (**)<\/td><td class=\"has-text-align-center\" data-align=\"center\"><a href=\"https:\/\/ifd13-nqn.infd.edu.ar\/sitio\/wp-content\/uploads\/2025\/10\/PEE-1ERO-A-y-B-Bases-Neuropsicobiologicas-Vega-2025-L.pdf\">A &#8211; B<\/a><\/td><td class=\"has-text-align-center\" data-align=\"center\">A &#8211; B<\/td><\/tr><tr><td>Did\u00e1ctica General<\/td><td class=\"has-text-align-center\" data-align=\"center\"><a href=\"https:\/\/ifd13-nqn.infd.edu.ar\/sitio\/wp-content\/uploads\/2025\/06\/PEE-1ERO-A-DIDACTICA-GRAL_Baeza-E-L-2025.pdf\">A<\/a> &#8211; <a href=\"https:\/\/ifd13-nqn.infd.edu.ar\/sitio\/wp-content\/uploads\/2025\/07\/PEE-728-Didactica-Gral.-1\u00b0-B-Anual-2025.pdf\">B<\/a><\/td><td class=\"has-text-align-center\" data-align=\"center\">A &#8211; <a href=\"https:\/\/ifd13-nqn.infd.edu.ar\/sitio\/wp-content\/uploads\/2025\/11\/PEE-1\u00b0B-Didactica-General-R-2025-Colman.pdf\">B<\/a><\/td><\/tr><tr><td>Desarrollo del Lenguaje (*)<\/td><td class=\"has-text-align-center\" data-align=\"center\"><a href=\"https:\/\/ifd13-nqn.infd.edu.ar\/sitio\/wp-content\/uploads\/2025\/06\/PEE-1ERO-A-Desarrollo-del-Lenguaje-Gastaldon-Vandalda-L-2025.pdf\">A<\/a> &#8211;<a href=\"https:\/\/drive.google.com\/file\/d\/1R6_leySFqM05QtRZCd_EkNyrCyddxs77\/view?usp=drive_link\"> B<\/a><\/td><td class=\"has-text-align-center\" data-align=\"center\"><a href=\"https:\/\/ifd13-nqn.infd.edu.ar\/sitio\/wp-content\/uploads\/2025\/06\/PEE-1\u00b0-Desarrollo-del-Lenguaje-1A-Gastaldon-R-2025.pdf\">A<\/a> &#8211; B<\/td><\/tr><tr><td>Genealog\u00eda de la Educaci\u00f3n Especial (*)<\/td><td class=\"has-text-align-center\" data-align=\"center\"><a href=\"https:\/\/ifd13-nqn.infd.edu.ar\/sitio\/wp-content\/uploads\/2025\/06\/PEE-1ERO-Ay-B-Genealogia-de-la-Educacion-Especial-Rorai-D-L-2025_Rorai-Diego_1ro-A-y-B.docx.pdf\">A<\/a> &#8211; <a href=\"https:\/\/ifd13-nqn.infd.edu.ar\/sitio\/wp-content\/uploads\/2025\/06\/PEE-1ERO-Ay-B-Genealogia-de-la-Educacion-Especial-Rorai-D-L-2025_Rorai-Diego_1ro-A-y-B.docx.pdf\">B<\/a><\/td><td class=\"has-text-align-center\" data-align=\"center\"><a href=\"https:\/\/ifd13-nqn.infd.edu.ar\/sitio\/wp-content\/uploads\/2025\/06\/PEE-1ERO-A-Y-B-Genealogia-de-la-Educacion-Especial-R-2025_Rorai-Diego_1ro-A-y-B.pdf\">A<\/a> &#8211; <a href=\"https:\/\/ifd13-nqn.infd.edu.ar\/sitio\/wp-content\/uploads\/2025\/06\/PEE-1ERO-A-Y-B-Genealogia-de-la-Educacion-Especial-R-2025_Rorai-Diego_1ro-A-y-B.pdf\">B<\/a><\/td><\/tr><tr><td>Inclusi\u00f3n Comunitaria (**)<\/td><td class=\"has-text-align-center\" data-align=\"center\"><a href=\"https:\/\/ifd13-nqn.infd.edu.ar\/sitio\/wp-content\/uploads\/2025\/10\/PEE-1Ro-A-Inclusion-comunitaria-Alegre-L.pdf\">A<\/a> &#8211; <a href=\"https:\/\/ifd13-nqn.infd.edu.ar\/sitio\/wp-content\/uploads\/2025\/10\/PEE-1RO-B-Programa-Inclusion-Comunitaria-2025-de-los-Santos-L.pdf\">B<\/a><\/td><td class=\"has-text-align-center\" data-align=\"center\">A &#8211; <a href=\"https:\/\/ifd13-nqn.infd.edu.ar\/sitio\/wp-content\/uploads\/2025\/11\/PEE-1\u00b0B-Seminario-Inclusion-Comunitaria-R-2025-de-los-Santos.pdf\">B<\/a><\/td><\/tr><tr><td>Lengua de Se\u00f1as (**)<\/td><td class=\"has-text-align-center\" data-align=\"center\">A &#8211; B<\/td><td class=\"has-text-align-center\" data-align=\"center\">A &#8211; B<\/td><\/tr><tr><td>Pr\u00e1ctica Docente I<\/td><td class=\"has-text-align-center\" data-align=\"center\"><a href=\"https:\/\/ifd13-nqn.infd.edu.ar\/sitio\/wp-content\/uploads\/2025\/06\/PEE-1RO-Ay-B-PRACTICA-I.-T-2025.pdf\">A<\/a> &#8211; <a href=\"https:\/\/ifd13-nqn.infd.edu.ar\/sitio\/wp-content\/uploads\/2025\/06\/PEE-1RO-Ay-B-PRACTICA-I.-T-2025.pdf\">B<\/a><\/td><td class=\"has-text-align-center\" data-align=\"center\">A &#8211; B<\/td><\/tr><tr><td>Psicolog\u00eda del Desarrollo<\/td><td class=\"has-text-align-center\" data-align=\"center\"><a href=\"https:\/\/ifd13-nqn.infd.edu.ar\/sitio\/wp-content\/uploads\/2025\/06\/PEE-1ERO-A-Psicologia-del-Desarrollo-Robledo-R-L-2025-1.pdf\">A<\/a> &#8211; B<\/td><td class=\"has-text-align-center\" data-align=\"center\"><a href=\"https:\/\/ifd13-nqn.infd.edu.ar\/sitio\/wp-content\/uploads\/2025\/11\/PEE-1\u00b0-A-Psicologia-del-Desarrollo-2025-R.pdf\">A<\/a> &#8211; B<\/td><\/tr><\/tbody><\/table><figcaption class=\"wp-element-caption\"><strong>(*) Primer Cuatrimestre<\/strong><\/figcaption><\/figure>\n\n\n\n<p><strong>(**) Segundo Cuatrimestre<\/strong><\/p>\n\n\n\n<h3 class=\"wp-block-heading has-accent-color has-text-color\">Segundo A\u00f1o<\/h3>\n\n\n\n<figure class=\"wp-block-table\"><table><tbody><tr><td><strong>Espacio Curricular<\/strong><\/td><td class=\"has-text-align-center\" data-align=\"center\"><strong>Planificaciones<\/strong><\/td><td class=\"has-text-align-center\" data-align=\"center\"><strong>Programas Regulares<\/strong><\/td><\/tr><tr><td>Ciencias Naturales y su Did\u00e1ctica<\/td><td class=\"has-text-align-center\" data-align=\"center\">A &#8211; B<\/td><td class=\"has-text-align-center\" data-align=\"center\">A &#8211; B<\/td><\/tr><tr><td>Ciencias Sociales y su Did\u00e1ctica<\/td><td class=\"has-text-align-center\" data-align=\"center\"><a href=\"https:\/\/ifd13-nqn.infd.edu.ar\/sitio\/wp-content\/uploads\/2025\/11\/PEE-2\u00b0-A-Ciencias-Sociales-y-su-Didactica-L-2025-Danieli-Mendez.pdf\">A<\/a> &#8211; <a href=\"https:\/\/ifd13-nqn.infd.edu.ar\/sitio\/wp-content\/uploads\/2025\/06\/PEE-2do-B-Cs.Sociales-y-su-Didactica.-Mir-Zamora-Landaeta-L-2025.pdf\">B<\/a><\/td><td class=\"has-text-align-center\" data-align=\"center\">A &#8211; <a href=\"https:\/\/ifd13-nqn.infd.edu.ar\/sitio\/wp-content\/uploads\/2025\/12\/PEE-2\u00b0-B-Ciencias-sociales-y-du-didactica.-R-Mir-2025.pdf\">B<\/a><\/td><\/tr><tr><td>Espacio de Definici\u00f3n Institucional I (**)<\/td><td class=\"has-text-align-center\" data-align=\"center\">A &#8211; B<\/td><td class=\"has-text-align-center\" data-align=\"center\">A &#8211; B<\/td><\/tr><tr><td>Fundamentos Matem\u00e1ticos (*)<\/td><td class=\"has-text-align-center\" data-align=\"center\">A &#8211; B<\/td><td class=\"has-text-align-center\" data-align=\"center\">A &#8211; <a href=\"https:\/\/ifd13-nqn.infd.edu.ar\/sitio\/wp-content\/uploads\/2025\/11\/PEE-2\u00b0-A-Fundamentos-matematicos-R-2025.pdf\">B<\/a><\/td><\/tr><tr><td>Historia y Pol\u00edtica Educativa Argentina (*)<\/td><td class=\"has-text-align-center\" data-align=\"center\">A &#8211; B<\/td><td class=\"has-text-align-center\" data-align=\"center\">A &#8211; B<\/td><\/tr><tr><td>Integraci\u00f3n Tecnol\u00f3gica (**)<\/td><td class=\"has-text-align-center\" data-align=\"center\">A &#8211; B<\/td><td class=\"has-text-align-center\" data-align=\"center\">A &#8211; B<\/td><\/tr><tr><td>Lenguajes Art\u00edsticos Integrales<\/td><td class=\"has-text-align-center\" data-align=\"center\">A &#8211; B<\/td><td class=\"has-text-align-center\" data-align=\"center\">A &#8211; B<\/td><\/tr><tr><td>Lengua y Literatura y su Did\u00e1ctica<\/td><td class=\"has-text-align-center\" data-align=\"center\"><a href=\"https:\/\/ifd13-nqn.infd.edu.ar\/sitio\/wp-content\/uploads\/2025\/06\/PEE-2do-A-y-B-Lengua-Lit-y-su-didactica-SandovalMachucaSoria-L-2025.pdf\">A<\/a> &#8211; <a href=\"https:\/\/ifd13-nqn.infd.edu.ar\/sitio\/wp-content\/uploads\/2025\/06\/PEE-2do-A-y-B-Lengua-Lit-y-su-didactica-SandovalMachucaSoria-L-2025.pdf\">B<\/a><\/td><td class=\"has-text-align-center\" data-align=\"center\">A &#8211; <a href=\"https:\/\/ifd13-nqn.infd.edu.ar\/sitio\/wp-content\/uploads\/2025\/11\/PEE-2\u00b0-B.-Lengua-literatura-y-su-didactica.-R-2025.pdf\">B<\/a><\/td><\/tr><tr><td>Pr\u00e1ctica Docente II<\/td><td class=\"has-text-align-center\" data-align=\"center\"><a href=\"https:\/\/ifd13-nqn.infd.edu.ar\/sitio\/wp-content\/uploads\/2025\/06\/PEE-2do-A-y-B-Practica-Profesional-Docente-II-encuadre-T-2025.pdf\">A<\/a> &#8211; <a href=\"https:\/\/ifd13-nqn.infd.edu.ar\/sitio\/wp-content\/uploads\/2025\/06\/PEE-2do-A-y-B-Practica-Profesional-Docente-II-encuadre-T-2025.pdf\">B<\/a><\/td><td class=\"has-text-align-center\" data-align=\"center\">A &#8211; B<\/td><\/tr><tr><td>Psicolog\u00eda Educacional<\/td><td class=\"has-text-align-center\" data-align=\"center\"><a href=\"https:\/\/ifd13-nqn.infd.edu.ar\/sitio\/wp-content\/uploads\/2025\/06\/PEE-2do-A-y-B-PSICOLOGIA-EDUCACIONAL-OliveraLopezRobledo-L-2025-.pdf\">A<\/a> &#8211; <a href=\"https:\/\/ifd13-nqn.infd.edu.ar\/sitio\/wp-content\/uploads\/2025\/06\/PEE-2do-A-y-B-PSICOLOGIA-EDUCACIONAL-OliveraLopezRobledo-L-2025-.pdf\">B<\/a><\/td><td class=\"has-text-align-center\" data-align=\"center\"><a href=\"https:\/\/ifd13-nqn.infd.edu.ar\/sitio\/wp-content\/uploads\/2025\/11\/PEE-2\u00b0-A-y-B-PSICOLOGIA-EDUCACIONAL-2025-R.pdf\">A<\/a> &#8211; <a href=\"https:\/\/ifd13-nqn.infd.edu.ar\/sitio\/wp-content\/uploads\/2025\/11\/PEE-2\u00b0-A-y-B-PSICOLOGIA-EDUCACIONAL-2025-R.pdf\">B<\/a><\/td><\/tr><\/tbody><\/table><figcaption class=\"wp-element-caption\"><strong>(*) Primer Cuatrimestre<\/strong><\/figcaption><\/figure>\n\n\n\n<p><strong>(**) Segundo Cuatrimestre<\/strong><\/p>\n\n\n\n<h3 class=\"wp-block-heading has-accent-color has-text-color\">Tercer A\u00f1o<\/h3>\n\n\n\n<figure class=\"wp-block-table\"><table><tbody><tr><td><strong>Espacio Curricular<\/strong><\/td><td class=\"has-text-align-center\" data-align=\"center\"><strong>Planificaci\u00f3n<\/strong><\/td><td class=\"has-text-align-center\" data-align=\"center\"><strong>Programa Regular<\/strong><\/td><\/tr><tr><td>Abordajes Pedag\u00f3gicos de la Discapacidad Auditiva<\/td><td class=\"has-text-align-center\" data-align=\"center\"><a href=\"https:\/\/ifd13-nqn.infd.edu.ar\/sitio\/wp-content\/uploads\/2025\/06\/PEE-3ro-Abordajes-Pedagogicos-de-la-D.A-V-Lucero-L-2025.pdf\" target=\"_blank\" rel=\"noreferrer noopener\">A<\/a><\/td><td class=\"has-text-align-center\" data-align=\"center\"><a href=\"https:\/\/ifd13-nqn.infd.edu.ar\/sitio\/wp-content\/uploads\/2025\/12\/PEE-3\u00b0-Abordajes-de-la-discapacidad-auditivaR2025.pdf\">A<\/a><\/td><\/tr><tr><td>Did\u00e1ctica de la Matem\u00e1tica<\/td><td class=\"has-text-align-center\" data-align=\"center\"><a href=\"https:\/\/ifd13-nqn.infd.edu.ar\/sitio\/wp-content\/uploads\/2025\/09\/Planificacion-Didactica-de-la-Mateatica-3ro-PEE-2025.pdf\">A<\/a><\/td><td class=\"has-text-align-center\" data-align=\"center\"><a href=\"https:\/\/ifd13-nqn.infd.edu.ar\/sitio\/wp-content\/uploads\/2025\/11\/PEE-3\u00b0-Didactica-de-la-Matematica-R-2025.pdf\">A<\/a><\/td><\/tr><tr><td>Espacio de Definici\u00f3n Institucional II (**)<\/td><td class=\"has-text-align-center\" data-align=\"center\"><a href=\"https:\/\/ifd13-nqn.infd.edu.ar\/sitio\/wp-content\/uploads\/2025\/11\/PEE-3\u00b0-EDI-II-3-L-2025-Gastaldon.pdf\">A<\/a><\/td><td class=\"has-text-align-center\" data-align=\"center\">A<\/td><\/tr><tr><td>Estructuraci\u00f3n Subjetiva (*)<\/td><td class=\"has-text-align-center\" data-align=\"center\"><a href=\"https:\/\/ifd13-nqn.infd.edu.ar\/sitio\/wp-content\/uploads\/2025\/06\/PEE-3ERO-ESTRUCTURACION-SUBJETIVANTE-ROBLEDO-L-L-2025.pdf\" target=\"_blank\" rel=\"noreferrer noopener\">A<\/a><\/td><td class=\"has-text-align-center\" data-align=\"center\">A<\/td><\/tr><tr><td>Lenguajes Expresivos y Recursos Did\u00e1cticos<\/td><td class=\"has-text-align-center\" data-align=\"center\"><a href=\"https:\/\/ifd13-nqn.infd.edu.ar\/sitio\/wp-content\/uploads\/2025\/07\/PEE-728-Lenguajes-Expresivos-y-Recursos-Didacticos-Adad-Ponce-Viera-2025.pdf\">A<\/a><\/td><td class=\"has-text-align-center\" data-align=\"center\">A<\/td><\/tr><tr><td>Metodolog\u00eda de Investigaci\u00f3n (**)<\/td><td class=\"has-text-align-center\" data-align=\"center\"><a href=\"https:\/\/ifd13-nqn.infd.edu.ar\/sitio\/wp-content\/uploads\/2025\/09\/METODOLOGIA-DE-LA-INVESTIGACION-3-PEE.docx-1.pdf\">A<\/a><\/td><td class=\"has-text-align-center\" data-align=\"center\"><a href=\"https:\/\/ifd13-nqn.infd.edu.ar\/sitio\/wp-content\/uploads\/2025\/11\/PEE-3\u00b0-METODOLOGIA-DE-LA-INVESTIGACION-R2025-Dietrich.pdf\">A<\/a><\/td><\/tr><tr><td>Perspectivas Pedag\u00f3gicas (*)<\/td><td class=\"has-text-align-center\" data-align=\"center\"><a href=\"https:\/\/ifd13-nqn.infd.edu.ar\/sitio\/wp-content\/uploads\/2025\/06\/PEE-3ero-Perspectivas-pedagogicas-Ibanez-L-2025.pdf\" target=\"_blank\" rel=\"noreferrer noopener\">A<\/a><\/td><td class=\"has-text-align-center\" data-align=\"center\">A<\/td><\/tr><tr><td>Pr\u00e1ctica Docente III<\/td><td class=\"has-text-align-center\" data-align=\"center\">A<\/td><td class=\"has-text-align-center\" data-align=\"center\">A<\/td><\/tr><tr><td>Sistema de Comunicaci\u00f3n Alternativa Aumentativa<\/td><td class=\"has-text-align-center\" data-align=\"center\"><a href=\"https:\/\/ifd13-nqn.infd.edu.ar\/sitio\/wp-content\/uploads\/2025\/06\/PEE-3ro-SistemaAAC-Vandalda-L-2025.pdf\" target=\"_blank\" rel=\"noreferrer noopener\">A<\/a><\/td><td class=\"has-text-align-center\" data-align=\"center\">A<\/td><\/tr><tr><td>Tecnolog\u00eda Aplicada (**)<\/td><td class=\"has-text-align-center\" data-align=\"center\"><a href=\"https:\/\/ifd13-nqn.infd.edu.ar\/sitio\/wp-content\/uploads\/2025\/11\/PEE-3\u00b0-Tecnologia-Aplicada-L-de-los-Santos-2025.pdf\">A<\/a><\/td><td class=\"has-text-align-center\" data-align=\"center\">A<\/td><\/tr><\/tbody><\/table><figcaption class=\"wp-element-caption\"><strong>(*) Primer Cuatrimestre<\/strong><br><strong>(**) Segundo Cuatrimestre<\/strong><\/figcaption><\/figure>\n\n\n\n<p><\/p>\n\n\n\n<h3 class=\"wp-block-heading has-accent-color has-text-color\">Cuarto A\u00f1o<\/h3>\n\n\n\n<figure class=\"wp-block-table\"><table><tbody><tr><td><strong>Espacio Curricular<\/strong><\/td><td class=\"has-text-align-center\" data-align=\"center\"><strong>Planificaci\u00f3n<\/strong><\/td><td class=\"has-text-align-center\" data-align=\"center\"><strong>Programa Regular<\/strong><\/td><\/tr><tr><td>Abordajes Pedag\u00f3gicos en Discapacidad Intelectual<\/td><td class=\"has-text-align-center\" data-align=\"center\"><a href=\"https:\/\/ifd13-nqn.infd.edu.ar\/sitio\/wp-content\/uploads\/2025\/06\/Programa-de-Abordajes-Pedagogicos-de-la-Discapacidad-Intelectual-2025-VERSION-FINAL.pdf\" target=\"_blank\" rel=\"noreferrer noopener\">A<\/a><\/td><td class=\"has-text-align-center\" data-align=\"center\">A<\/td><\/tr><tr><td>Abordajes Pedag\u00f3gicos de la Discapacidad Neuromotora<\/td><td class=\"has-text-align-center\" data-align=\"center\"><a href=\"https:\/\/ifd13-nqn.infd.edu.ar\/sitio\/wp-content\/uploads\/2025\/06\/Planificacion-de-Abordajes-Pedagogicos-en-Disc.-Neuromotora-2025.pdf\" target=\"_blank\" rel=\"noreferrer noopener\">A<\/a><\/td><td class=\"has-text-align-center\" data-align=\"center\">A<\/td><\/tr><tr><td>Abordajes Pedag\u00f3gicos de la  Discapacidad Visual<\/td><td class=\"has-text-align-center\" data-align=\"center\"><a href=\"https:\/\/ifd13-nqn.infd.edu.ar\/sitio\/wp-content\/uploads\/2025\/06\/Abordajes-pedagogicos-de-la-discapacidad-visual-2025.pdf\" target=\"_blank\" rel=\"noreferrer noopener\">A<\/a><\/td><td class=\"has-text-align-center\" data-align=\"center\"><a href=\"https:\/\/ifd13-nqn.infd.edu.ar\/sitio\/wp-content\/uploads\/2025\/11\/PEE-4\u00b0-Abordajes-pedagogicos-en-discapacidad-visual-R-2025.pdf\">A<\/a><\/td><\/tr><tr><td>Educaci\u00f3n Sexual Integral (**)<\/td><td class=\"has-text-align-center\" data-align=\"center\">A<\/td><td class=\"has-text-align-center\" data-align=\"center\">A<\/td><\/tr><tr><td>Educaci\u00f3n Temprana (*)<\/td><td class=\"has-text-align-center\" data-align=\"center\"><a href=\"https:\/\/ifd13-nqn.infd.edu.ar\/sitio\/wp-content\/uploads\/2025\/06\/Educacion-Temprana-2025.pdf\" target=\"_blank\" rel=\"noreferrer noopener\">A<\/a><\/td><td class=\"has-text-align-center\" data-align=\"center\"><a href=\"https:\/\/ifd13-nqn.infd.edu.ar\/sitio\/wp-content\/uploads\/2025\/07\/PEE-4\u00b0-728-Educacion-Temprana-ADAD-S-2025-R.pdf\">A<\/a><\/td><\/tr><tr><td>Espacio de Definici\u00f3n Institucional III (**)<\/td><td class=\"has-text-align-center\" data-align=\"center\">A<\/td><td class=\"has-text-align-center\" data-align=\"center\">A<\/td><\/tr><tr><td>Filosof\u00eda de la Educaci\u00f3n (*)<\/td><td class=\"has-text-align-center\" data-align=\"center\">A<\/td><td class=\"has-text-align-center\" data-align=\"center\">A<\/td><\/tr><tr><td>Multidiscapacidad (**)<\/td><td class=\"has-text-align-center\" data-align=\"center\">A<\/td><td class=\"has-text-align-center\" data-align=\"center\">A<\/td><\/tr><tr><td>Psicomotricidad (**)<\/td><td class=\"has-text-align-center\" data-align=\"center\">A<\/td><td class=\"has-text-align-center\" data-align=\"center\">A<\/td><\/tr><tr><td>Pr\u00e1ctica IV y Residencia<\/td><td class=\"has-text-align-center\" data-align=\"center\"><a href=\"https:\/\/ifd13-nqn.infd.edu.ar\/sitio\/wp-content\/uploads\/2025\/06\/Plani-Practica-IV-4to-2025.pdf\" target=\"_blank\" rel=\"noreferrer noopener\">A<\/a><\/td><td class=\"has-text-align-center\" data-align=\"center\">A<\/td><\/tr><\/tbody><\/table><figcaption class=\"wp-element-caption\"><strong>(*) Primer Cuatrimestre <\/strong><br><strong>(**) Segundo Cuatrimestre<\/strong><\/figcaption><\/figure>\n","protected":false},"excerpt":{"rendered":"<p>Primer A\u00f1o Espacio Curricular Planificaciones Programas Regulares Alfabetizaci\u00f3n Acad\u00e9mica A &#8211; B A &#8211; B Alfabetizaci\u00f3n Inicial (*) A &#8211; B A &#8211; B Bases Neuropsicobiol\u00f3gicas del Sujeto (**) A &#8211; B A &#8211; B Did\u00e1ctica General A &#8211; B A &#8211; B Desarrollo del Lenguaje (*) A &#8211; B A &#8211; B Genealog\u00eda de &#8230; <a title=\"Profesorado de Educaci\u00f3n Especial (PEE) &#8211; 2025\" class=\"read-more\" href=\"https:\/\/ifd13-nqn.infd.edu.ar\/sitio\/profesorado-de-educacion-especial-pee-2025\/\" aria-label=\"More on Profesorado de Educaci\u00f3n Especial (PEE) &#8211; 2025\">[+]<\/a><\/p>\n","protected":false},"author":1709,"featured_media":0,"comment_status":"closed","ping_status":"open","sticky":false,"template":"","format":"standard","meta":[],"categories":[1],"tags":[],"acf":[],"_links":{"self":[{"href":"https:\/\/ifd13-nqn.infd.edu.ar\/sitio\/wp-json\/wp\/v2\/posts\/2930"}],"collection":[{"href":"https:\/\/ifd13-nqn.infd.edu.ar\/sitio\/wp-json\/wp\/v2\/posts"}],"about":[{"href":"https:\/\/ifd13-nqn.infd.edu.ar\/sitio\/wp-json\/wp\/v2\/types\/post"}],"author":[{"embeddable":true,"href":"https:\/\/ifd13-nqn.infd.edu.ar\/sitio\/wp-json\/wp\/v2\/users\/1709"}],"replies":[{"embeddable":true,"href":"https:\/\/ifd13-nqn.infd.edu.ar\/sitio\/wp-json\/wp\/v2\/comments?post=2930"}],"version-history":[{"count":49,"href":"https:\/\/ifd13-nqn.infd.edu.ar\/sitio\/wp-json\/wp\/v2\/posts\/2930\/revisions"}],"predecessor-version":[{"id":3902,"href":"https:\/\/ifd13-nqn.infd.edu.ar\/sitio\/wp-json\/wp\/v2\/posts\/2930\/revisions\/3902"}],"wp:attachment":[{"href":"https:\/\/ifd13-nqn.infd.edu.ar\/sitio\/wp-json\/wp\/v2\/media?parent=2930"}],"wp:term":[{"taxonomy":"category","embeddable":true,"href":"https:\/\/ifd13-nqn.infd.edu.ar\/sitio\/wp-json\/wp\/v2\/categories?post=2930"},{"taxonomy":"post_tag","embeddable":true,"href":"https:\/\/ifd13-nqn.infd.edu.ar\/sitio\/wp-json\/wp\/v2\/tags?post=2930"}],"curies":[{"name":"wp","href":"https:\/\/api.w.org\/{rel}","templated":true}]}}