{"id":2923,"date":"2025-06-30T12:19:00","date_gmt":"2025-06-30T15:19:00","guid":{"rendered":"https:\/\/ifd13-nqn.infd.edu.ar\/sitio\/?p=2923"},"modified":"2025-07-01T17:01:31","modified_gmt":"2025-07-01T20:01:31","slug":"profesorado-de-educacion-especial-pee-2024","status":"publish","type":"post","link":"https:\/\/ifd13-nqn.infd.edu.ar\/sitio\/profesorado-de-educacion-especial-pee-2024\/","title":{"rendered":"Profesorado de Educaci\u00f3n Especial (PEE) &#8211; 2024"},"content":{"rendered":"\n<h3 class=\"wp-block-heading has-accent-color has-text-color\">Primer A\u00f1o<\/h3>\n\n\n\n<figure class=\"wp-block-table\"><table><tbody><tr><td><strong>Espacio Curricular<\/strong><\/td><td class=\"has-text-align-center\" data-align=\"center\"><strong>Planificaci\u00f3n<\/strong><\/td><td class=\"has-text-align-center\" data-align=\"center\"><strong>Programas Regulares<\/strong><\/td><\/tr><tr><td>Alfabetizaci\u00f3n Acad\u00e9mica<\/td><td class=\"has-text-align-center\" data-align=\"center\"><a href=\"https:\/\/ifd13-nqn.infd.edu.ar\/sitio\/wp-content\/uploads\/2024\/11\/PEE-1-Alfabetizacion-Academica-2024.pdf\" target=\"_blank\" rel=\"noreferrer noopener\">A &#8211; B<\/a><\/td><td class=\"has-text-align-center\" data-align=\"center\"><a href=\"https:\/\/ifd13-nqn.infd.edu.ar\/sitio\/wp-content\/uploads\/2024\/11\/PEE-1-Alfabetizacion-Academica-LIBRES-2024.pdf\" target=\"_blank\" rel=\"noreferrer noopener\">A &#8211; B<\/a><\/td><\/tr><tr><td>Alfabetizaci\u00f3n Inicial (*)<\/td><td class=\"has-text-align-center\" data-align=\"center\"><a href=\"https:\/\/ifd13-nqn.infd.edu.ar\/sitio\/wp-content\/uploads\/2024\/11\/PEE-1-A-Alfabetizacion-inicial-2024.pdf\" target=\"_blank\" rel=\"noreferrer noopener\">A<\/a> &#8211; <a href=\"https:\/\/ifd13-nqn.infd.edu.ar\/sitio\/wp-content\/uploads\/2024\/11\/PEE-1-B-Alfabetizacion-inicial-2024.pdf\" target=\"_blank\" rel=\"noreferrer noopener\">B<\/a><\/td><td class=\"has-text-align-center\" data-align=\"center\">A &#8211; B<\/td><\/tr><tr><td>Bases Neuropsicobiol\u00f3gicas del Sujeto(**)<\/td><td class=\"has-text-align-center\" data-align=\"center\"><a href=\"https:\/\/ifd13-nqn.infd.edu.ar\/sitio\/wp-content\/uploads\/2024\/11\/PEE-1-A-B-Bases-Neuropsicobiologicas-del-Sujeto-2024.pdf\" target=\"_blank\" rel=\"noreferrer noopener\">A &#8211; B<\/a><\/td><td class=\"has-text-align-center\" data-align=\"center\">A &#8211; B<\/td><\/tr><tr><td>Did\u00e1ctica General<\/td><td class=\"has-text-align-center\" data-align=\"center\"><a href=\"https:\/\/ifd13-nqn.infd.edu.ar\/sitio\/wp-content\/uploads\/2024\/11\/PEE-1-A-Didactica-General-1A-2024.pdf\" target=\"_blank\" rel=\"noreferrer noopener\">A<\/a> &#8211; B<\/td><td class=\"has-text-align-center\" data-align=\"center\"><a href=\"https:\/\/ifd13-nqn.infd.edu.ar\/sitio\/wp-content\/uploads\/2024\/11\/PEE-1-A-Didactica-General-1A-2024-LIBRES.pdf\" target=\"_blank\" rel=\"noreferrer noopener\">A<\/a> &#8211; B<\/td><\/tr><tr><td>Desarrollo del Lenguaje (*)<\/td><td class=\"has-text-align-center\" data-align=\"center\"><a href=\"https:\/\/ifd13-nqn.infd.edu.ar\/sitio\/wp-content\/uploads\/2024\/11\/PEE-1-A-Desarrollo-del-Lenguaje-2024.pdf\" target=\"_blank\" rel=\"noreferrer noopener\">A <\/a>&#8211; <a href=\"https:\/\/ifd13-nqn.infd.edu.ar\/sitio\/wp-content\/uploads\/2024\/11\/PEE-1-B-Desarrollo-del-lenguaje-2024.pdf\" target=\"_blank\" rel=\"noreferrer noopener\">B<\/a><\/td><td class=\"has-text-align-center\" data-align=\"center\">A &#8211; B<\/td><\/tr><tr><td>Genealog\u00eda de la Educaci\u00f3n Especial (*)<\/td><td class=\"has-text-align-center\" data-align=\"center\"><a rel=\"noreferrer noopener\" href=\"https:\/\/ifd13-nqn.infd.edu.ar\/sitio\/wp-content\/uploads\/2024\/11\/PEE-1-Genealogia-de-la-Educacion-Especial-2024.pdf\" target=\"_blank\">A<\/a> &#8211;<a rel=\"noreferrer noopener\" href=\"https:\/\/ifd13-nqn.infd.edu.ar\/sitio\/wp-content\/uploads\/2024\/11\/PEE-1-Genealogia-de-la-Educacion-Especial-2024.pdf\" target=\"_blank\"> B<\/a><\/td><td class=\"has-text-align-center\" data-align=\"center\"><a href=\"https:\/\/ifd13-nqn.infd.edu.ar\/sitio\/wp-content\/uploads\/2024\/11\/PEE-1-Genealogia-de-la-Educacion-Especial-LIBRES-2024.pdf\" target=\"_blank\" rel=\"noreferrer noopener\">A &#8211; B<\/a><\/td><\/tr><tr><td>Inclusi\u00f3n Comunitaria (**)<\/td><td class=\"has-text-align-center\" data-align=\"center\">A &#8211; B<\/td><td class=\"has-text-align-center\" data-align=\"center\">A &#8211; B<\/td><\/tr><tr><td>Lengua de Se\u00f1as (**)<\/td><td class=\"has-text-align-center\" data-align=\"center\">A &#8211; B<\/td><td class=\"has-text-align-center\" data-align=\"center\">A &#8211; B<\/td><\/tr><tr><td>Pr\u00e1ctica Docente I<\/td><td class=\"has-text-align-center\" data-align=\"center\"><a href=\"https:\/\/ifd13-nqn.infd.edu.ar\/sitio\/wp-content\/uploads\/2024\/11\/PEE-1-A-Practica-Docente-I-2024.pdf\" target=\"_blank\" rel=\"noreferrer noopener\">A<\/a> &#8211; B<\/td><td class=\"has-text-align-center\" data-align=\"center\"><\/td><\/tr><tr><td>Psicolog\u00eda del Desarrollo<\/td><td class=\"has-text-align-center\" data-align=\"center\"><a href=\"https:\/\/ifd13-nqn.infd.edu.ar\/sitio\/wp-content\/uploads\/2024\/11\/PEE-1-A-Psicologia-del-Desarrollo-2024.pdf\" target=\"_blank\" rel=\"noreferrer noopener\">A<\/a> &#8211; <a href=\"https:\/\/ifd13-nqn.infd.edu.ar\/sitio\/wp-content\/uploads\/2024\/11\/PEE-1-B-Psicologia-del-Desarrollo-2024-Planificacion-y-LIBRES.pdf\" target=\"_blank\" rel=\"noreferrer noopener\">B<\/a><\/td><td class=\"has-text-align-center\" data-align=\"center\">A &#8211; B<\/td><\/tr><\/tbody><\/table><figcaption class=\"wp-element-caption\"><strong>(*) Primer Cuatrimestre<\/strong><\/figcaption><\/figure>\n\n\n\n<p><strong>(**) Segundo Cuatrimestre<\/strong><\/p>\n\n\n\n<p><\/p>\n\n\n\n<h3 class=\"wp-block-heading has-accent-color has-text-color\">Segundo A\u00f1o<\/h3>\n\n\n\n<figure class=\"wp-block-table\"><table><tbody><tr><td><strong>Espacio Curricular<\/strong><\/td><td class=\"has-text-align-center\" data-align=\"center\"><strong>Planificaciones<\/strong><\/td><td class=\"has-text-align-center\" data-align=\"center\"><strong>Programas Regulares<\/strong><\/td><\/tr><tr><td>Ciencias Naturales y su Did\u00e1ctica<\/td><td class=\"has-text-align-center\" data-align=\"center\"><a href=\"https:\/\/ifd13-nqn.infd.edu.ar\/sitio\/wp-content\/uploads\/2024\/11\/PEE-2-A-B-Ciencias-Naturales-y-su-Didactica-2024.pdf\" target=\"_blank\" rel=\"noreferrer noopener\">A &#8211; B<\/a><\/td><td class=\"has-text-align-center\" data-align=\"center\">A &#8211; B<\/td><\/tr><tr><td>Ciencias Sociales y su Did\u00e1ctica<\/td><td class=\"has-text-align-center\" data-align=\"center\"><a href=\"https:\/\/ifd13-nqn.infd.edu.ar\/sitio\/wp-content\/uploads\/2024\/11\/PEE-2-A-Ciencias-Sociales-y-su-Didactica-2024.pdf\" target=\"_blank\" rel=\"noreferrer noopener\">A<\/a> &#8211; B<\/td><td class=\"has-text-align-center\" data-align=\"center\">A &#8211; B<\/td><\/tr><tr><td>Espacio de Definici\u00f3n Institucional I (**)<\/td><td class=\"has-text-align-center\" data-align=\"center\"><a href=\"https:\/\/ifd13-nqn.infd.edu.ar\/sitio\/wp-content\/uploads\/2024\/11\/PEE-2-A-y-B-EDI-Adolescencia-y-Discapacidad.pdf\" target=\"_blank\" rel=\"noreferrer noopener\">A &#8211; B<\/a><\/td><td class=\"has-text-align-center\" data-align=\"center\">A &#8211; B<\/td><\/tr><tr><td>Fundamentos Matem\u00e1ticos (*)<\/td><td class=\"has-text-align-center\" data-align=\"center\">A &#8211; B<\/td><td class=\"has-text-align-center\" data-align=\"center\">A &#8211; B<\/td><\/tr><tr><td>Historia y Pol\u00edtica Educativa Argentina (*)<\/td><td class=\"has-text-align-center\" data-align=\"center\"><a href=\"https:\/\/ifd13-nqn.infd.edu.ar\/sitio\/wp-content\/uploads\/2024\/11\/PEE-2-A-Historia-y-Politica-Educativa-Argentina-2024.pdf\" target=\"_blank\" rel=\"noreferrer noopener\">A<\/a> &#8211;<a href=\"https:\/\/ifd13-nqn.infd.edu.ar\/sitio\/wp-content\/uploads\/2024\/11\/PEE-2-B-Historia-y-Politica-Educativa-Argentina-2024.pdf\" target=\"_blank\" rel=\"noreferrer noopener\"> B<\/a><\/td><td class=\"has-text-align-center\" data-align=\"center\">A &#8211; B<\/td><\/tr><tr><td>Integraci\u00f3n Tecnol\u00f3gica (**)<\/td><td class=\"has-text-align-center\" data-align=\"center\">A &#8211; B<\/td><td class=\"has-text-align-center\" data-align=\"center\">A &#8211; B<\/td><\/tr><tr><td>Lenguajes Art\u00edsticos Integrales<\/td><td class=\"has-text-align-center\" data-align=\"center\"><a href=\"https:\/\/ifd13-nqn.infd.edu.ar\/sitio\/wp-content\/uploads\/2024\/11\/PEE-2-A-y-B-Lenguajes-artisiticos-integrales-2024.pdf\" target=\"_blank\" rel=\"noreferrer noopener\">A &#8211; B<\/a><\/td><td class=\"has-text-align-center\" data-align=\"center\">A &#8211; B<\/td><\/tr><tr><td>Lengua y Literatura y su Did\u00e1ctica<\/td><td class=\"has-text-align-center\" data-align=\"center\">A &#8211; B<\/td><td class=\"has-text-align-center\" data-align=\"center\">A &#8211; B<\/td><\/tr><tr><td>Pr\u00e1ctica Docente II<\/td><td class=\"has-text-align-center\" data-align=\"center\"><a href=\"https:\/\/ifd13-nqn.infd.edu.ar\/sitio\/wp-content\/uploads\/2024\/11\/PEE-2-A-y-B-Practica-Profesional-Docente-II-2024.pdf\" target=\"_blank\" rel=\"noreferrer noopener\">A &#8211; B<\/a><\/td><td class=\"has-text-align-center\" data-align=\"center\">A &#8211; B<\/td><\/tr><tr><td>Psicolog\u00eda Educacional<\/td><td class=\"has-text-align-center\" data-align=\"center\"><a href=\"https:\/\/ifd13-nqn.infd.edu.ar\/sitio\/wp-content\/uploads\/2024\/11\/PEE-2-Psicologia-Educacional-2024.pdf\" target=\"_blank\" rel=\"noreferrer noopener\">A &#8211; B<\/a><\/td><td class=\"has-text-align-center\" data-align=\"center\">A &#8211; B<\/td><\/tr><\/tbody><\/table><figcaption class=\"wp-element-caption\"><strong>(*) Primer Cuatrimestre<\/strong><\/figcaption><\/figure>\n\n\n\n<p><strong>(**) Segundo Cuatrimestre<\/strong><\/p>\n\n\n\n<h3 class=\"wp-block-heading has-accent-color has-text-color\">Tercer A\u00f1o<\/h3>\n\n\n\n<figure class=\"wp-block-table is-style-regular\"><table><tbody><tr><td class=\"has-text-align-left\" data-align=\"left\"><strong>Espacio Curricular<\/strong><\/td><td class=\"has-text-align-center\" data-align=\"center\"><strong>Planificaci\u00f3n<\/strong><\/td><td class=\"has-text-align-center\" data-align=\"center\"><strong>Programa Regular<\/strong><\/td><\/tr><tr><td class=\"has-text-align-left\" data-align=\"left\">Abordajes Pedag\u00f3gicos de la Discapacidad Auditiva<\/td><td class=\"has-text-align-center\" data-align=\"center\"><a href=\"https:\/\/ifd13-nqn.infd.edu.ar\/sitio\/wp-content\/uploads\/2024\/12\/PEE-Abordajes-Pedagogicos-de-la-Discapacidad-Auditiva-2024.pdf\" target=\"_blank\" rel=\"noreferrer noopener\">A<\/a><\/td><td class=\"has-text-align-center\" data-align=\"center\">A<\/td><\/tr><tr><td class=\"has-text-align-left\" data-align=\"left\">Did\u00e1ctica de la Matem\u00e1tica<\/td><td class=\"has-text-align-center\" data-align=\"center\"><a href=\"https:\/\/ifd13-nqn.infd.edu.ar\/sitio\/wp-content\/uploads\/2024\/12\/PEE-3-Didactica-de-la-Matematica-2024.pdf\" target=\"_blank\" rel=\"noreferrer noopener\">A<\/a><\/td><td class=\"has-text-align-center\" data-align=\"center\">A<\/td><\/tr><tr><td class=\"has-text-align-left\" data-align=\"left\">Espacio de Definici\u00f3n Institucional II (**)<\/td><td class=\"has-text-align-center\" data-align=\"center\"><a href=\"https:\/\/ifd13-nqn.infd.edu.ar\/sitio\/wp-content\/uploads\/2024\/12\/PEE-3-EDI-II-Infancias-2024.pdf\" target=\"_blank\" rel=\"noreferrer noopener\">A<\/a><\/td><td class=\"has-text-align-center\" data-align=\"center\">A<\/td><\/tr><tr><td class=\"has-text-align-left\" data-align=\"left\">Estructuraci\u00f3n Subjetiva (*)<\/td><td class=\"has-text-align-center\" data-align=\"center\"><a href=\"https:\/\/ifd13-nqn.infd.edu.ar\/sitio\/wp-content\/uploads\/2024\/12\/PEE-3-Estructuracion-Subjetiva-2024.pdf\" target=\"_blank\" rel=\"noreferrer noopener\">A<\/a><\/td><td class=\"has-text-align-center\" data-align=\"center\">A<\/td><\/tr><tr><td class=\"has-text-align-left\" data-align=\"left\">Lenguajes Expresivos y Recursos Did\u00e1cticos<\/td><td class=\"has-text-align-center\" data-align=\"center\"><a href=\"https:\/\/ifd13-nqn.infd.edu.ar\/sitio\/wp-content\/uploads\/2024\/12\/PEE-Lenguajes-Expresivos-y-Recursos-Didacrticos-2024.pdf\" target=\"_blank\" rel=\"noreferrer noopener\">A<\/a><\/td><td class=\"has-text-align-center\" data-align=\"center\">A<\/td><\/tr><tr><td class=\"has-text-align-left\" data-align=\"left\">Metodolog\u00eda de la Investigaci\u00f3n (**)<\/td><td class=\"has-text-align-center\" data-align=\"center\"><a href=\"https:\/\/ifd13-nqn.infd.edu.ar\/sitio\/wp-content\/uploads\/2024\/12\/PEE-3-Metodologia-de-la-Investigacion-2024.pdf\" target=\"_blank\" rel=\"noreferrer noopener\">A<\/a><\/td><td class=\"has-text-align-center\" data-align=\"center\">A<\/td><\/tr><tr><td class=\"has-text-align-left\" data-align=\"left\">Perspectivas Pedag\u00f3gicas (*)<\/td><td class=\"has-text-align-center\" data-align=\"center\"><a href=\"https:\/\/ifd13-nqn.infd.edu.ar\/sitio\/wp-content\/uploads\/2024\/12\/PEE-3-Perspectivas-Pedagogicas-2024.pdf\" target=\"_blank\" rel=\"noreferrer noopener\">A<\/a><\/td><td class=\"has-text-align-center\" data-align=\"center\">A<\/td><\/tr><tr><td class=\"has-text-align-left\" data-align=\"left\">Sistema de Comunicaci\u00f3n Alternativa Aumentativa<\/td><td class=\"has-text-align-center\" data-align=\"center\"><a href=\"https:\/\/ifd13-nqn.infd.edu.ar\/sitio\/wp-content\/uploads\/2024\/12\/PEE-3-Sistema-de-Comunicacion-Aumentativa-Alternativa-2024.pdf\" target=\"_blank\" rel=\"noreferrer noopener\">A<\/a><\/td><td class=\"has-text-align-center\" data-align=\"center\">A<\/td><\/tr><tr><td class=\"has-text-align-left\" data-align=\"left\">Tecnolog\u00eda Aplicada (**)<\/td><td class=\"has-text-align-center\" data-align=\"center\">A<\/td><td class=\"has-text-align-center\" data-align=\"center\">A<\/td><\/tr><tr><td class=\"has-text-align-left\" data-align=\"left\">Pr\u00e1ctica Docente III<\/td><td class=\"has-text-align-center\" data-align=\"center\"><a href=\"https:\/\/ifd13-nqn.infd.edu.ar\/sitio\/wp-content\/uploads\/2024\/12\/PEE-Practica-Docente-III-2024.pdf\" target=\"_blank\" rel=\"noreferrer noopener\">A<\/a><\/td><td class=\"has-text-align-center\" data-align=\"center\">A<\/td><\/tr><\/tbody><\/table><figcaption class=\"wp-element-caption\"><strong>(*) Primer Cuatrimestre<\/strong><br><strong>(**)Segundo Cuatrimestre<\/strong> <\/figcaption><\/figure>\n\n\n\n<p><\/p>\n\n\n\n<p><\/p>\n\n\n\n<h3 class=\"wp-block-heading has-accent-color has-text-color\">Cuarto A\u00f1o<\/h3>\n\n\n\n<figure class=\"wp-block-table\"><table><tbody><tr><td><strong>Espacio<\/strong> <strong>Curricular<\/strong><\/td><td class=\"has-text-align-center\" data-align=\"center\"><strong>Planificaci\u00f3n<\/strong><\/td><td class=\"has-text-align-center\" data-align=\"center\"><strong>Programa Regular<\/strong><\/td><\/tr><tr><td>Abordajes Pedag\u00f3gicos en Discapacidad Intelectual<\/td><td class=\"has-text-align-center\" data-align=\"center\">A<\/td><td class=\"has-text-align-center\" data-align=\"center\">A<\/td><\/tr><tr><td>Abordajes Pedag\u00f3gicos de  la Discapacidad Neuromotora<\/td><td class=\"has-text-align-center\" data-align=\"center\"><a href=\"https:\/\/ifd13-nqn.infd.edu.ar\/sitio\/wp-content\/uploads\/2024\/12\/PEE-4-Abordajes-Pedagogicos-de-la-Discapacidad-Neuromotora-Machuca-2024.pdf\" target=\"_blank\" rel=\"noreferrer noopener\">A<\/a><\/td><td class=\"has-text-align-center\" data-align=\"center\">A<\/td><\/tr><tr><td>Abordajes Pedag\u00f3gicos de la Discapacidad Visual<\/td><td class=\"has-text-align-center\" data-align=\"center\"><a href=\"https:\/\/ifd13-nqn.infd.edu.ar\/sitio\/wp-content\/uploads\/2024\/12\/PEE-4-Abordajes-Pedagogicos-de-la-Discapacidad-Visual-Adad-2024.pdf\" target=\"_blank\" rel=\"noreferrer noopener\">A<\/a><\/td><td class=\"has-text-align-center\" data-align=\"center\">A<\/td><\/tr><tr><td>Educaci\u00f3n Sexual Integral (**)<\/td><td class=\"has-text-align-center\" data-align=\"center\">A<\/td><td class=\"has-text-align-center\" data-align=\"center\">A<\/td><\/tr><tr><td>Educaci\u00f3n Temprana (*)<\/td><td class=\"has-text-align-center\" data-align=\"center\"><a href=\"https:\/\/ifd13-nqn.infd.edu.ar\/sitio\/wp-content\/uploads\/2024\/12\/PEE-4-Atencion-Temprana-4-ano-670-y-728.-Adad-Sayra-2024.pdf\" target=\"_blank\" rel=\"noreferrer noopener\">A<\/a><\/td><td class=\"has-text-align-center\" data-align=\"center\">A<\/td><\/tr><tr><td>Espacio de Definici\u00f3n Institucional III (**)<\/td><td class=\"has-text-align-center\" data-align=\"center\">A<\/td><td class=\"has-text-align-center\" data-align=\"center\">A<\/td><\/tr><tr><td>Multidiscapacidad (**)<\/td><td class=\"has-text-align-center\" data-align=\"center\"><a href=\"https:\/\/ifd13-nqn.infd.edu.ar\/sitio\/wp-content\/uploads\/2024\/12\/PEE-4-Multidiscapacidad-Arbini-2024.pdf\" target=\"_blank\" rel=\"noreferrer noopener\">A<\/a><\/td><td class=\"has-text-align-center\" data-align=\"center\">A<\/td><\/tr><tr><td>Pr\u00e1ctica IV y Residencia<\/td><td class=\"has-text-align-center\" data-align=\"center\">A<\/td><td class=\"has-text-align-center\" data-align=\"center\">A<\/td><\/tr><tr><td>Filosof\u00eda de la Educaci\u00f3n (*)<\/td><td class=\"has-text-align-center\" data-align=\"center\">A<\/td><td class=\"has-text-align-center\" data-align=\"center\">A<\/td><\/tr><tr><td>Psicomotricidad (**)<\/td><td class=\"has-text-align-center\" data-align=\"center\"><a href=\"https:\/\/ifd13-nqn.infd.edu.ar\/sitio\/wp-content\/uploads\/2024\/12\/PEE-4-Psicomotricidad-670-y-728.-Adad-Sayra-2024.pdf\" target=\"_blank\" rel=\"noreferrer noopener\">A<\/a><\/td><td class=\"has-text-align-center\" data-align=\"center\">A<\/td><\/tr><\/tbody><\/table><figcaption class=\"wp-element-caption\"><strong>(*) Primer Cuatrimestre <\/strong><br><strong>(**)Segundo Cuatrimestre<\/strong><\/figcaption><\/figure>\n\n\n\n<p><\/p>\n\n\n\n<p><\/p>\n","protected":false},"excerpt":{"rendered":"<p>Primer A\u00f1o Espacio Curricular Planificaci\u00f3n Programas Regulares Alfabetizaci\u00f3n Acad\u00e9mica A &#8211; B A &#8211; B Alfabetizaci\u00f3n Inicial (*) A &#8211; B A &#8211; B Bases Neuropsicobiol\u00f3gicas del Sujeto(**) A &#8211; B A &#8211; B Did\u00e1ctica General A &#8211; B A &#8211; B Desarrollo del Lenguaje (*) A &#8211; B A &#8211; B Genealog\u00eda de la &#8230; <a title=\"Profesorado de Educaci\u00f3n Especial (PEE) &#8211; 2024\" class=\"read-more\" href=\"https:\/\/ifd13-nqn.infd.edu.ar\/sitio\/profesorado-de-educacion-especial-pee-2024\/\" aria-label=\"More on Profesorado de Educaci\u00f3n Especial (PEE) &#8211; 2024\">[+]<\/a><\/p>\n","protected":false},"author":1711,"featured_media":0,"comment_status":"closed","ping_status":"closed","sticky":false,"template":"","format":"standard","meta":[],"categories":[1],"tags":[],"acf":[],"_links":{"self":[{"href":"https:\/\/ifd13-nqn.infd.edu.ar\/sitio\/wp-json\/wp\/v2\/posts\/2923"}],"collection":[{"href":"https:\/\/ifd13-nqn.infd.edu.ar\/sitio\/wp-json\/wp\/v2\/posts"}],"about":[{"href":"https:\/\/ifd13-nqn.infd.edu.ar\/sitio\/wp-json\/wp\/v2\/types\/post"}],"author":[{"embeddable":true,"href":"https:\/\/ifd13-nqn.infd.edu.ar\/sitio\/wp-json\/wp\/v2\/users\/1711"}],"replies":[{"embeddable":true,"href":"https:\/\/ifd13-nqn.infd.edu.ar\/sitio\/wp-json\/wp\/v2\/comments?post=2923"}],"version-history":[{"count":12,"href":"https:\/\/ifd13-nqn.infd.edu.ar\/sitio\/wp-json\/wp\/v2\/posts\/2923\/revisions"}],"predecessor-version":[{"id":3179,"href":"https:\/\/ifd13-nqn.infd.edu.ar\/sitio\/wp-json\/wp\/v2\/posts\/2923\/revisions\/3179"}],"wp:attachment":[{"href":"https:\/\/ifd13-nqn.infd.edu.ar\/sitio\/wp-json\/wp\/v2\/media?parent=2923"}],"wp:term":[{"taxonomy":"category","embeddable":true,"href":"https:\/\/ifd13-nqn.infd.edu.ar\/sitio\/wp-json\/wp\/v2\/categories?post=2923"},{"taxonomy":"post_tag","embeddable":true,"href":"https:\/\/ifd13-nqn.infd.edu.ar\/sitio\/wp-json\/wp\/v2\/tags?post=2923"}],"curies":[{"name":"wp","href":"https:\/\/api.w.org\/{rel}","templated":true}]}}