{"id":2859,"date":"2025-06-19T11:56:24","date_gmt":"2025-06-19T14:56:24","guid":{"rendered":"https:\/\/ifd13-nqn.infd.edu.ar\/sitio\/?p=2859"},"modified":"2025-06-24T20:35:10","modified_gmt":"2025-06-24T23:35:10","slug":"profesorado-de-educacion-primaria-pep-2024","status":"publish","type":"post","link":"https:\/\/ifd13-nqn.infd.edu.ar\/sitio\/profesorado-de-educacion-primaria-pep-2024\/","title":{"rendered":"Profesorado de Educaci\u00f3n Primaria (PEP) &#8211; 2024"},"content":{"rendered":"\n<h3 class=\"wp-block-heading has-accent-color has-text-color\"><strong>Primer A\u00f1o<\/strong> &#8211; Tronco Com\u00fan<\/h3>\n\n\n\n<figure class=\"wp-block-table\"><table class=\"has-contrast-color has-text-color\"><tbody><tr><td class=\"has-text-align-left\" data-align=\"left\"><strong>Espacio Curricular<\/strong><\/td><td class=\"has-text-align-center\" data-align=\"center\"><strong>Planificaciones<\/strong><\/td><td class=\"has-text-align-center\" data-align=\"center\"><strong>Programas Regulares<\/strong><\/td><\/tr><tr><td class=\"has-text-align-left\" data-align=\"left\">(*) Constituci\u00f3n de la Subjetividad en Contextos Educativos<\/td><td class=\"has-text-align-center\" data-align=\"center\"><a rel=\"noreferrer noopener\" href=\"https:\/\/ifd13-nqn.infd.edu.ar\/sitio\/wp-content\/uploads\/2024\/10\/1-A-B-C-D-Constitucion-PROGRAMA-DE-EXAMEN-LIBRE-2024-constitucion.docx.pdf\" target=\"_blank\">A &#8211; B &#8211; C &#8211; D<\/a><\/td><td class=\"has-text-align-center\" data-align=\"center\">A &#8211; <a rel=\"noreferrer noopener\" href=\"https:\/\/ifd13-nqn.infd.edu.ar\/sitio\/wp-content\/uploads\/2024\/10\/1-B-Planificacion-Constitucion-1b.pdf\" target=\"_blank\">B<\/a> &#8211; C &#8211; <a rel=\"noreferrer noopener\" href=\"https:\/\/ifd13-nqn.infd.edu.ar\/sitio\/wp-content\/uploads\/2024\/11\/1-D-Programa-regulares-constitucion-de-la-subjetividad-ano-2024.pdf\" target=\"_blank\">D<\/a><\/td><\/tr><tr><td class=\"has-text-align-left\" data-align=\"left\">(*) Enfoque Hist\u00f3rico Pol\u00edtico de la Educaci\u00f3n Argentina<\/td><td class=\"has-text-align-center\" data-align=\"center\"><a rel=\"noreferrer noopener\" href=\"https:\/\/ifd13-nqn.infd.edu.ar\/sitio\/wp-content\/uploads\/2024\/10\/1-A-Programa-LIBRES-Enfoque-Historico-politico-Prof.-Quiroga-1\u00b0-Cuatrimestre-2024.pdf\" target=\"_blank\">A<\/a> &#8211; B &#8211; C &#8211; D<\/td><td class=\"has-text-align-center\" data-align=\"center\"><a rel=\"noreferrer noopener\" href=\"https:\/\/ifd13-nqn.infd.edu.ar\/sitio\/wp-content\/uploads\/2024\/10\/1-A-Programa-REGULARES-Enf-Hist-Pol-Prof.-Quiroga-2024.pdf\" target=\"_blank\">A<\/a> &#8211; B &#8211; C &#8211; <a rel=\"noreferrer noopener\" href=\"https:\/\/ifd13-nqn.infd.edu.ar\/sitio\/wp-content\/uploads\/2024\/10\/1-D-2024-ENFOQUE-historico-politico.docx.pdf\" target=\"_blank\">D<\/a><\/td><\/tr><tr><td class=\"has-text-align-left\" data-align=\"left\">(*) Espacio de Definici\u00f3n Institucional I<\/td><td class=\"has-text-align-center\" data-align=\"center\">A &#8211; B &#8211; C &#8211; D<\/td><td class=\"has-text-align-center\" data-align=\"center\">A &#8211; B &#8211; C &#8211; D<\/td><\/tr><tr><td class=\"has-text-align-left\" data-align=\"left\">(**) Conocimiento<\/td><td class=\"has-text-align-center\" data-align=\"center\">A &#8211; <a href=\"https:\/\/ifd13-nqn.infd.edu.ar\/sitio\/wp-content\/uploads\/2024\/11\/P-1-B-Conocimiento-LIBRES.pdf\" target=\"_blank\" rel=\"noreferrer noopener\">B<\/a> &#8211; C &#8211; D<\/td><td class=\"has-text-align-center\" data-align=\"center\">A &#8211; <a rel=\"noreferrer noopener\" href=\"https:\/\/ifd13-nqn.infd.edu.ar\/sitio\/wp-content\/uploads\/2024\/11\/P-1-B-Conocimiento-REGULARES.pdf\" target=\"_blank\">B<\/a> &#8211; C &#8211; D<\/td><\/tr><tr><td class=\"has-text-align-left\" data-align=\"left\">(**) Enfoque Sociocultural de la Educaci\u00f3n<\/td><td class=\"has-text-align-center\" data-align=\"center\">A &#8211; B &#8211; C &#8211; <a rel=\"noreferrer noopener\" href=\"https:\/\/ifd13-nqn.infd.edu.ar\/sitio\/wp-content\/uploads\/2024\/11\/P-1-D-Enfoque-Sociocultural-de-la-Educacion-LIBRE.pdf\" target=\"_blank\">D<\/a><\/td><td class=\"has-text-align-center\" data-align=\"center\">A &#8211; B &#8211; <a rel=\"noreferrer noopener\" href=\"https:\/\/ifd13-nqn.infd.edu.ar\/sitio\/wp-content\/uploads\/2024\/10\/programa-de-Enfoque-Sociocultural-de-la-educacion-2024.pdf\" target=\"_blank\">C<\/a> &#8211; <a rel=\"noreferrer noopener\" href=\"https:\/\/ifd13-nqn.infd.edu.ar\/sitio\/wp-content\/uploads\/2024\/11\/1%C2%B0-D-Enfoque-Sociocultural-programa-REGULARES.pdf\" target=\"_blank\">D<\/a><\/td><\/tr><tr><td class=\"has-text-align-left\" data-align=\"left\">An\u00e1lisis de las Experiencias en las Disciplinas Escolares<\/td><td class=\"has-text-align-center\" data-align=\"center\"><a rel=\"noreferrer noopener\" href=\"https:\/\/ifd13-nqn.infd.edu.ar\/sitio\/wp-content\/uploads\/2024\/10\/1-A-B-C-D-PLANIFICACION-DE-AEDE-2024.pdf\" target=\"_blank\">A &#8211; B &#8211; C &#8211; D<\/a><\/td><td class=\"has-text-align-center\" data-align=\"center\"><\/td><\/tr><tr><td class=\"has-text-align-left\" data-align=\"left\">Did\u00e1ctica General<\/td><td class=\"has-text-align-center\" data-align=\"center\"><a rel=\"noreferrer noopener\" href=\"https:\/\/ifd13-nqn.infd.edu.ar\/sitio\/wp-content\/uploads\/2024\/10\/1-A-B-C-D-Programa-LIBRES-Didactica-Gral_043827.pdf\" target=\"_blank\">A &#8211; B &#8211; C &#8211; D<\/a><\/td><td class=\"has-text-align-center\" data-align=\"center\"><a rel=\"noreferrer noopener\" href=\"https:\/\/ifd13-nqn.infd.edu.ar\/sitio\/wp-content\/uploads\/2024\/10\/1-A-B-C-D-Planificacion-Didactica-Gral-2024_063627.pdf\" target=\"_blank\">A &#8211; B &#8211; C &#8211; D<\/a><\/td><\/tr><tr><td class=\"has-text-align-left\" data-align=\"left\">Espacio de Experimentaci\u00f3n Est\u00e9tico Expresiva<\/td><td class=\"has-text-align-center\" data-align=\"center\"><a rel=\"noreferrer noopener\" href=\"https:\/\/ifd13-nqn.infd.edu.ar\/sitio\/wp-content\/uploads\/2024\/10\/Planificacion-EEEE-1o-2024.pdf\" target=\"_blank\">A &#8211; B &#8211; C &#8211; D<\/a><\/td><td class=\"has-text-align-center\" data-align=\"center\"><\/td><\/tr><tr><td class=\"has-text-align-left\" data-align=\"left\">Lectura, Escritura y Oralidad<\/td><td class=\"has-text-align-center\" data-align=\"center\">A &#8211; B &#8211; <a rel=\"noreferrer noopener\" href=\"https:\/\/ifd13-nqn.infd.edu.ar\/sitio\/wp-content\/uploads\/2024\/10\/1-C-Planificacion-de-LEO-2024.pdf\" target=\"_blank\">C<\/a> &#8211; D<\/td><td class=\"has-text-align-center\" data-align=\"center\"><\/td><\/tr><tr><td class=\"has-text-align-left\" data-align=\"left\">Pr\u00e1ctica I<\/td><td class=\"has-text-align-center\" data-align=\"center\"><a rel=\"noreferrer noopener\" href=\"https:\/\/ifd13-nqn.infd.edu.ar\/sitio\/wp-content\/uploads\/2024\/10\/1-A-B-C-D-Planificacion-y-encuadre-Practica-I-2024-1.pdf\" target=\"_blank\">A &#8211; B &#8211; C &#8211; D<\/a><\/td><td class=\"has-text-align-center\" data-align=\"center\"><\/td><\/tr><\/tbody><\/table><figcaption class=\"wp-element-caption\"><strong>(*)<\/strong> <strong>Primer Cuatrimestre<\/strong><\/figcaption><\/figure>\n\n\n\n<p><strong>(**)<\/strong> <strong>Segundo Cuatrimestre<\/strong><\/p>\n\n\n\n<h3 class=\"wp-block-heading has-accent-color has-text-color\">Segundo A\u00f1o<\/h3>\n\n\n\n<figure class=\"wp-block-table\"><table><tbody><tr><td><strong>Espacio Curricular<\/strong><\/td><td class=\"has-text-align-center\" data-align=\"center\"><strong>Planificaciones<\/strong><\/td><td class=\"has-text-align-center\" data-align=\"center\"><strong>Programas Regulares<\/strong><\/td><\/tr><tr><td>(*) Espacio de Definici\u00f3n Institucional II<\/td><td class=\"has-text-align-center\" data-align=\"center\"><a href=\"https:\/\/ifd13-nqn.infd.edu.ar\/sitio\/wp-content\/uploads\/2024\/10\/2-A-y-B-Planificacion-EDI-PEP-2024.pdf\" target=\"_blank\" rel=\"noreferrer noopener\">A &#8211; B<\/a><\/td><td class=\"has-text-align-center\" data-align=\"center\"><\/td><\/tr><tr><td>(*) Instituciones Educativas<\/td><td class=\"has-text-align-center\" data-align=\"center\"><a href=\"https:\/\/ifd13-nqn.infd.edu.ar\/sitio\/wp-content\/uploads\/2024\/10\/2-A-P-Instituciones-educativas-2024.pdf\">A &#8211; B<\/a><\/td><td class=\"has-text-align-center\" data-align=\"center\"><a href=\"https:\/\/ifd13-nqn.infd.edu.ar\/sitio\/wp-content\/uploads\/2024\/10\/2-A-Instituciones-educativas-programa-regulares.pdf\" target=\"_blank\" rel=\"noreferrer noopener\">A<\/a> &#8211; B<\/td><\/tr><tr><td>(**) Aprendizaje<\/td><td class=\"has-text-align-center\" data-align=\"center\">A &#8211; B<\/td><td class=\"has-text-align-center\" data-align=\"center\">A &#8211; B<\/td><\/tr><tr><td>(**) Nuevas Tecnolog\u00edas de Ense\u00f1anza<\/td><td class=\"has-text-align-center\" data-align=\"center\">A &#8211; B<\/td><td class=\"has-text-align-center\" data-align=\"center\">A &#8211; B<\/td><\/tr><tr><td>Did\u00e1ctica de las Ciencias Naturales I<\/td><td class=\"has-text-align-center\" data-align=\"center\"><a href=\"https:\/\/ifd13-nqn.infd.edu.ar\/sitio\/wp-content\/uploads\/2024\/10\/2-A-y-B-Didactica-Cs-Nat-I-2024.pdf\" target=\"_blank\" rel=\"noreferrer noopener\">A &#8211; B<\/a><\/td><td class=\"has-text-align-center\" data-align=\"center\">A &#8211; B<\/td><\/tr><tr><td>Did\u00e1ctica de las Ciencias Sociales I<\/td><td class=\"has-text-align-center\" data-align=\"center\">A &#8211; B<\/td><td class=\"has-text-align-center\" data-align=\"center\">A &#8211; B<\/td><\/tr><tr><td>Did\u00e1ctica de la Lengua I<\/td><td class=\"has-text-align-center\" data-align=\"center\">A &#8211; B<\/td><td class=\"has-text-align-center\" data-align=\"center\"><a href=\"https:\/\/ifd13-nqn.infd.edu.ar\/sitio\/wp-content\/uploads\/2024\/10\/2-A-y-B-Programa.-Didactica-de-la-Lengua-I.-Plan-639-Regulares.-De-la-Vega-DIego-Martin.pdf\" target=\"_blank\" rel=\"noreferrer noopener\">A &#8211; B<\/a><\/td><\/tr><tr><td>Did\u00e1ctica de la Matem\u00e1tica I<\/td><td class=\"has-text-align-center\" data-align=\"center\">A &#8211; B<\/td><td class=\"has-text-align-center\" data-align=\"center\">A &#8211; B<\/td><\/tr><tr><td>Lenguajes Art\u00edsticos<\/td><td class=\"has-text-align-center\" data-align=\"center\"><a href=\"https:\/\/ifd13-nqn.infd.edu.ar\/sitio\/wp-content\/uploads\/2024\/10\/2-A-y-B-Planificacion-Lenguajes-Artisticos-2o-2024.pdf\" target=\"_blank\" rel=\"noreferrer noopener\">A &#8211; B<\/a><\/td><td class=\"has-text-align-center\" data-align=\"center\"><\/td><\/tr><tr><td>Pr\u00e1ctica II<\/td><td class=\"has-text-align-center\" data-align=\"center\"><a href=\"https:\/\/ifd13-nqn.infd.edu.ar\/sitio\/wp-content\/uploads\/2024\/10\/2A-y-B-Practica-II.pdf\" target=\"_blank\" rel=\"noreferrer noopener\">A &#8211; B<\/a><\/td><td class=\"has-text-align-center\" data-align=\"center\"><\/td><\/tr><tr><td>Sujeto de la Educaci\u00f3n Primaria<\/td><td class=\"has-text-align-center\" data-align=\"center\">A &#8211; B<\/td><td class=\"has-text-align-center\" data-align=\"center\">A &#8211; B<\/td><\/tr><\/tbody><\/table><figcaption class=\"wp-element-caption\"><strong>(*) Primer Cuatrimestre<\/strong><\/figcaption><\/figure>\n\n\n\n<p><strong>(**) Segundo Cuatrimestre<\/strong><\/p>\n\n\n\n<h3 class=\"wp-block-heading has-accent-color has-text-color\">Tercer A\u00f1o<\/h3>\n\n\n\n<figure class=\"wp-block-table\"><table><tbody><tr><td><strong>Espacio Curricular<\/strong><\/td><td class=\"has-text-align-center\" data-align=\"center\"><strong>Planificaciones<\/strong><\/td><td class=\"has-text-align-center\" data-align=\"center\"><strong>Programas Regulares<\/strong><\/td><\/tr><tr><td>(*) Problem\u00e1ticas y Perspectivas Pedag\u00f3gicas<\/td><td class=\"has-text-align-center\" data-align=\"center\"><a href=\"https:\/\/ifd13-nqn.infd.edu.ar\/sitio\/wp-content\/uploads\/2024\/11\/3-PEP-PLANIFICACION-DE-PPP-PEP.pdf\" target=\"_blank\" rel=\"noreferrer noopener\">A<\/a><\/td><td class=\"has-text-align-center\" data-align=\"center\"><a href=\"https:\/\/ifd13-nqn.infd.edu.ar\/sitio\/wp-content\/uploads\/2024\/11\/3-PEP-PROGRAMA-DE-Prob-Persp-Pedag-2024-IFD13-PEP.pdf\" target=\"_blank\" rel=\"noreferrer noopener\">A<\/a><\/td><\/tr><tr><td>(**) Derechos Humanos: Educaci\u00f3n Sexual Integral y Relaciones de G\u00e9nero<\/td><td class=\"has-text-align-center\" data-align=\"center\">A<\/td><td class=\"has-text-align-center\" data-align=\"center\">A<\/td><\/tr><tr><td>(**) Espacio de Definici\u00f3n Institucional III<\/td><td class=\"has-text-align-center\" data-align=\"center\">A<\/td><td class=\"has-text-align-center\" data-align=\"center\"><\/td><\/tr><tr><td>Alfabetizaci\u00f3n Inicial: Lengua Escrita y Sistemas de Numeraci\u00f3n<\/td><td class=\"has-text-align-center\" data-align=\"center\">A<\/td><td class=\"has-text-align-center\" data-align=\"center\">A<\/td><\/tr><tr><td>Did\u00e1ctica de las Ciencias Naturales II<\/td><td class=\"has-text-align-center\" data-align=\"center\"><a href=\"https:\/\/ifd13-nqn.infd.edu.ar\/sitio\/wp-content\/uploads\/2024\/11\/3-PEP-Cs-Naturales-Programa-libre.pdf\" target=\"_blank\" rel=\"noreferrer noopener\">A<\/a><\/td><td class=\"has-text-align-center\" data-align=\"center\">A<\/td><\/tr><tr><td>Did\u00e1ctica de las Ciencias Sociales II<\/td><td class=\"has-text-align-center\" data-align=\"center\"><a href=\"https:\/\/ifd13-nqn.infd.edu.ar\/sitio\/wp-content\/uploads\/2024\/11\/3-PEP-2024-Didactica-CSSOCII_Planificacion-.docx.pdf\" target=\"_blank\" rel=\"noreferrer noopener\">A<\/a><\/td><td class=\"has-text-align-center\" data-align=\"center\">A<\/td><\/tr><tr><td>Did\u00e1ctica de la Matem\u00e1tica II<\/td><td class=\"has-text-align-center\" data-align=\"center\">A<\/td><td class=\"has-text-align-center\" data-align=\"center\">A<\/td><\/tr><tr><td>Lectura y Formaci\u00f3n de Lectores<\/td><td class=\"has-text-align-center\" data-align=\"center\">A<\/td><td class=\"has-text-align-center\" data-align=\"center\">A<\/td><\/tr><tr><td>Problem\u00e1tica de la Ense\u00f1anza en la Educaci\u00f3n Primaria<\/td><td class=\"has-text-align-center\" data-align=\"center\"><a href=\"https:\/\/ifd13-nqn.infd.edu.ar\/sitio\/wp-content\/uploads\/2024\/11\/3-planif.-PROBL.-DE-LA-ENSENANZA-EN-LA-EDUC.-PRIMARIA.-Profesora-Ayala-Cecilia.-2024.pdf\" target=\"_blank\" rel=\"noreferrer noopener\">A<\/a><\/td><td class=\"has-text-align-center\" data-align=\"center\">A<\/td><\/tr><tr><td>Residencia I<\/td><td class=\"has-text-align-center\" data-align=\"center\">A<\/td><td class=\"has-text-align-center\" data-align=\"center\"><\/td><\/tr><\/tbody><\/table><figcaption class=\"wp-element-caption\"><strong>(*) Primer Cuatrimestre<\/strong><\/figcaption><\/figure>\n\n\n\n<p><strong>(**) Segundo Cuatrimestre<\/strong><\/p>\n\n\n\n<h3 class=\"wp-block-heading has-accent-color has-text-color\">Cuarto A\u00f1o<\/h3>\n\n\n\n<figure class=\"wp-block-table\"><table><tbody><tr><td><strong>Espacio Curricular<\/strong><\/td><td class=\"has-text-align-center\" data-align=\"center\"><strong>Planificaciones<\/strong><\/td><td class=\"has-text-align-center\" data-align=\"center\"><strong>Programas Regulares<\/strong><\/td><\/tr><tr><td>(*) Derechos Humanos: Educaci\u00f3n Intercultural<\/td><td class=\"has-text-align-center\" data-align=\"center\"><a href=\"https:\/\/ifd13-nqn.infd.edu.ar\/sitio\/wp-content\/uploads\/2024\/11\/4-Programa-de-contenidos-Taller-DDHH-Ed.-Intercultural-2024.pdf\" target=\"_blank\" rel=\"noreferrer noopener\">A<\/a><\/td><td class=\"has-text-align-center\" data-align=\"center\"><\/td><\/tr><tr><td>(*) Filosof\u00eda de la Educaci\u00f3n<\/td><td class=\"has-text-align-center\" data-align=\"center\"><a href=\"https:\/\/ifd13-nqn.infd.edu.ar\/sitio\/wp-content\/uploads\/2024\/11\/4-Filosofia-de-la-Educacion-programa-2024.pdf\" target=\"_blank\" rel=\"noreferrer noopener\">A<\/a><\/td><td class=\"has-text-align-center\" data-align=\"center\"><\/td><\/tr><tr><td>(*) Historia Sociopol\u00edtica Latinoamericana y Argentina<\/td><td class=\"has-text-align-center\" data-align=\"center\">A<\/td><td class=\"has-text-align-center\" data-align=\"center\"><\/td><\/tr><tr><td>(*) Legislaci\u00f3n Educativa y Derechos Laborales Docentes<\/td><td class=\"has-text-align-center\" data-align=\"center\">A<\/td><td class=\"has-text-align-center\" data-align=\"center\"><\/td><\/tr><tr><td>(**) Espacio de Definici\u00f3n Institucional IV<\/td><td class=\"has-text-align-center\" data-align=\"center\">A<\/td><td class=\"has-text-align-center\" data-align=\"center\"><\/td><\/tr><tr><td>(**) Espacio de Definici\u00f3n Institucional V<\/td><td class=\"has-text-align-center\" data-align=\"center\"><a href=\"https:\/\/ifd13-nqn.infd.edu.ar\/sitio\/wp-content\/uploads\/2024\/11\/4-EDI-La-mirada-investigadora-paradigmas-y-disenos-4\u00b0-PEP-Prof.-Quiroga-Facundo.pdf\" target=\"_blank\" rel=\"noreferrer noopener\">A<\/a><\/td><td class=\"has-text-align-center\" data-align=\"center\"><\/td><\/tr><tr><td>Did\u00e1ctica de las Ciencias Naturales III<\/td><td class=\"has-text-align-center\" data-align=\"center\">A<\/td><td class=\"has-text-align-center\" data-align=\"center\"><\/td><\/tr><tr><td>Did\u00e1ctica de las Ciencias Sociales III<\/td><td class=\"has-text-align-center\" data-align=\"center\">A<\/td><td class=\"has-text-align-center\" data-align=\"center\"><\/td><\/tr><tr><td>Did\u00e1ctica de la Lengua II<\/td><td class=\"has-text-align-center\" data-align=\"center\">A<\/td><td class=\"has-text-align-center\" data-align=\"center\"><\/td><\/tr><tr><td>Did\u00e1ctica de la Matem\u00e1tica III<\/td><td class=\"has-text-align-center\" data-align=\"center\">A<\/td><td class=\"has-text-align-center\" data-align=\"center\"><\/td><\/tr><tr><td>Residencia II<\/td><td class=\"has-text-align-center\" data-align=\"center\">A<\/td><td class=\"has-text-align-center\" data-align=\"center\"><\/td><\/tr><\/tbody><\/table><figcaption class=\"wp-element-caption\"><strong>(*) Primer Cuatrimestre<\/strong><\/figcaption><\/figure>\n\n\n\n<p><strong>(**) Segundo Cuatrimestre<\/strong><\/p>\n","protected":false},"excerpt":{"rendered":"<p>Primer A\u00f1o &#8211; Tronco Com\u00fan Espacio Curricular Planificaciones Programas Regulares (*) Constituci\u00f3n de la Subjetividad en Contextos Educativos A &#8211; B &#8211; C &#8211; D A &#8211; B &#8211; C &#8211; D (*) Enfoque Hist\u00f3rico Pol\u00edtico de la Educaci\u00f3n Argentina A &#8211; B &#8211; C &#8211; D A &#8211; B &#8211; C &#8211; D (*) &#8230; <a title=\"Profesorado de Educaci\u00f3n Primaria (PEP) &#8211; 2024\" class=\"read-more\" href=\"https:\/\/ifd13-nqn.infd.edu.ar\/sitio\/profesorado-de-educacion-primaria-pep-2024\/\" aria-label=\"More on Profesorado de Educaci\u00f3n Primaria (PEP) &#8211; 2024\">[+]<\/a><\/p>\n","protected":false},"author":1709,"featured_media":0,"comment_status":"closed","ping_status":"open","sticky":false,"template":"","format":"standard","meta":[],"categories":[1],"tags":[],"acf":[],"_links":{"self":[{"href":"https:\/\/ifd13-nqn.infd.edu.ar\/sitio\/wp-json\/wp\/v2\/posts\/2859"}],"collection":[{"href":"https:\/\/ifd13-nqn.infd.edu.ar\/sitio\/wp-json\/wp\/v2\/posts"}],"about":[{"href":"https:\/\/ifd13-nqn.infd.edu.ar\/sitio\/wp-json\/wp\/v2\/types\/post"}],"author":[{"embeddable":true,"href":"https:\/\/ifd13-nqn.infd.edu.ar\/sitio\/wp-json\/wp\/v2\/users\/1709"}],"replies":[{"embeddable":true,"href":"https:\/\/ifd13-nqn.infd.edu.ar\/sitio\/wp-json\/wp\/v2\/comments?post=2859"}],"version-history":[{"count":21,"href":"https:\/\/ifd13-nqn.infd.edu.ar\/sitio\/wp-json\/wp\/v2\/posts\/2859\/revisions"}],"predecessor-version":[{"id":2944,"href":"https:\/\/ifd13-nqn.infd.edu.ar\/sitio\/wp-json\/wp\/v2\/posts\/2859\/revisions\/2944"}],"wp:attachment":[{"href":"https:\/\/ifd13-nqn.infd.edu.ar\/sitio\/wp-json\/wp\/v2\/media?parent=2859"}],"wp:term":[{"taxonomy":"category","embeddable":true,"href":"https:\/\/ifd13-nqn.infd.edu.ar\/sitio\/wp-json\/wp\/v2\/categories?post=2859"},{"taxonomy":"post_tag","embeddable":true,"href":"https:\/\/ifd13-nqn.infd.edu.ar\/sitio\/wp-json\/wp\/v2\/tags?post=2859"}],"curies":[{"name":"wp","href":"https:\/\/api.w.org\/{rel}","templated":true}]}}