{"id":2829,"date":"2025-06-10T22:04:00","date_gmt":"2025-06-11T01:04:00","guid":{"rendered":"https:\/\/ifd13-nqn.infd.edu.ar\/sitio\/?p=2829"},"modified":"2025-08-13T23:22:20","modified_gmt":"2025-08-14T02:22:20","slug":"profesorado-de-educacion-inicial-pei-2025","status":"publish","type":"post","link":"https:\/\/ifd13-nqn.infd.edu.ar\/sitio\/profesorado-de-educacion-inicial-pei-2025\/","title":{"rendered":"Profesorado de Educaci\u00f3n Inicial (PEI) &#8211; 2025"},"content":{"rendered":"\n<h3 class=\"wp-block-heading has-accent-color has-text-color\"><strong><strong>Primer A\u00f1o<\/strong><\/strong> &#8211; Tronco Com\u00fan<\/h3>\n\n\n\n<figure class=\"wp-block-table\"><table><tbody><tr><td><strong>Espacio Curricular<\/strong><\/td><td class=\"has-text-align-center\" data-align=\"center\"><strong>Planificaciones<\/strong><\/td><td class=\"has-text-align-center\" data-align=\"center\"><strong>Programas Regulares<\/strong><\/td><\/tr><tr><td>(*) Constituci\u00f3n de la Subjetividad en Contextos Educativos<\/td><td class=\"has-text-align-center\" data-align=\"center\">A \u2013 B \u2013 C \u2013 D<\/td><td class=\"has-text-align-center\" data-align=\"center\">A \u2013 B \u2013 C \u2013<a href=\"https:\/\/ifd13-nqn.infd.edu.ar\/sitio\/wp-content\/uploads\/2025\/06\/TC-1\u00b0-Constitucion-de-la-subjetividad-Vega-A-R-2025.pdf\" data-type=\"URL\" data-id=\"https:\/\/ifd13-nqn.infd.edu.ar\/sitio\/wp-content\/uploads\/2025\/06\/TC-1\u00b0-Constitucion-de-la-subjetividad-Vega-A-R-2025.pdf\">D<\/a><\/td><\/tr><tr><td>(*) Enfoque Hist\u00f3rico Pol\u00edtico de la Educaci\u00f3n Argentina<\/td><td class=\"has-text-align-center\" data-align=\"center\">A \u2013 B \u2013 C \u2013 D<\/td><td class=\"has-text-align-center\" data-align=\"center\">A \u2013 B \u2013 C \u2013 D<\/td><\/tr><tr><td>(*) Espacio de Definici\u00f3n Institucional I<\/td><td class=\"has-text-align-center\" data-align=\"center\">A \u2013 B \u2013 C \u2013 D<\/td><td class=\"has-text-align-center\" data-align=\"center\">A \u2013 B \u2013 C \u2013 D<\/td><\/tr><tr><td>(**) Conocimiento<\/td><td class=\"has-text-align-center\" data-align=\"center\">A \u2013 B \u2013 C \u2013 D<\/td><td class=\"has-text-align-center\" data-align=\"center\">A \u2013 B \u2013 C \u2013 D<\/td><\/tr><tr><td>(**) Enfoque Sociocultural de la Educaci\u00f3n<\/td><td class=\"has-text-align-center\" data-align=\"center\">A \u2013 B \u2013 C \u2013 D<\/td><td class=\"has-text-align-center\" data-align=\"center\">A \u2013 B \u2013 C \u2013 D<\/td><\/tr><tr><td>An\u00e1lisis de las Experiencias en las Disciplinas Escolares<\/td><td class=\"has-text-align-center\" data-align=\"center\"><a href=\"https:\/\/ifd13-nqn.infd.edu.ar\/sitio\/wp-content\/uploads\/2025\/06\/PEP-PEI-TC-1ERO-AEDE-T-2025.pdf\" data-type=\"URL\" data-id=\"https:\/\/ifd13-nqn.infd.edu.ar\/sitio\/wp-content\/uploads\/2025\/06\/PEP-PEI-TC-1ERO-AEDE-T-2025.pdf\">A \u2013 B \u2013 C \u2013 D<\/a><\/td><td class=\"has-text-align-center\" data-align=\"center\"><\/td><\/tr><tr><td>Did\u00e1ctica General<\/td><td class=\"has-text-align-center\" data-align=\"center\"><a href=\"https:\/\/ifd13-nqn.infd.edu.ar\/sitio\/wp-content\/uploads\/2025\/06\/PEP-PEI-TC-1ero-DIDACTICA-GRAL-GOMEZ-CANETE_L-2025-1.pdf\" data-type=\"URL\" data-id=\"https:\/\/ifd13-nqn.infd.edu.ar\/sitio\/wp-content\/uploads\/2025\/06\/PEP-PEI-TC-1ero-DIDACTICA-GRAL-GOMEZ-CANETE_L-2025-1.pdf\">A \u2013 B \u2013 C \u2013 D<\/a><\/td><td class=\"has-text-align-center\" data-align=\"center\">A \u2013 B \u2013 C \u2013 D<\/td><\/tr><tr><td>Espacio de Experimentaci\u00f3n Est\u00e9tico Expresiva<\/td><td class=\"has-text-align-center\" data-align=\"center\"><a href=\"https:\/\/ifd13-nqn.infd.edu.ar\/sitio\/wp-content\/uploads\/2025\/06\/PEP-PEI-TC-1ero-EEEE-T-2025.pdf\" data-type=\"URL\" data-id=\"https:\/\/ifd13-nqn.infd.edu.ar\/sitio\/wp-content\/uploads\/2025\/06\/PEP-PEI-TC-1ero-EEEE-T-2025.pdf\">A \u2013 B \u2013 C \u2013 D<\/a><\/td><td class=\"has-text-align-center\" data-align=\"center\"><\/td><\/tr><tr><td>Lectura, Escritura y Oralidad<\/td><td class=\"has-text-align-center\" data-align=\"center\">A \u2013 B \u2013 C \u2013 D<\/td><td class=\"has-text-align-center\" data-align=\"center\"><\/td><\/tr><tr><td>Pr\u00e1ctica I<\/td><td class=\"has-text-align-center\" data-align=\"center\">A \u2013 B \u2013 C \u2013 D<\/td><td class=\"has-text-align-center\" data-align=\"center\"><\/td><\/tr><\/tbody><\/table><figcaption class=\"wp-element-caption\"><strong>(*) Primer Cuatrimestre<\/strong><\/figcaption><\/figure>\n\n\n\n<p><strong>(**) Segundo Cuatrimestre<\/strong><\/p>\n\n\n\n<h2 class=\"wp-block-heading has-accent-color has-text-color\">Segundo A\u00f1o<\/h2>\n\n\n\n<p class=\"has-text-color\" style=\"color:#e37510\"><strong>Primer Cuatrimestre<\/strong><\/p>\n\n\n\n<ul>\n<li><a href=\"https:\/\/ifd13-nqn.infd.edu.ar\/sitio\/wp-content\/uploads\/2025\/07\/PEI-2do-Aprendizaje-Lujan-L-L-2025.pdf\">Aprendizaje<\/a> &#8211; <a href=\"https:\/\/ifd13-nqn.infd.edu.ar\/sitio\/wp-content\/uploads\/2025\/07\/PEI-2do-aprendizaje-Lujan-L-R-2025.pdf\">Regular<\/a><\/li>\n\n\n\n<li>Artes Visuales en la Educaci\u00f3n Inicial<\/li>\n\n\n\n<li>Espacio de Definici\u00f3n Institucional II<\/li>\n\n\n\n<li>Expresi\u00f3n Corporal en la Educaci\u00f3n Inicial- <a href=\"https:\/\/ifd13-nqn.infd.edu.ar\/sitio\/wp-content\/uploads\/2025\/07\/PEI-2do-Exp.Corporal-Rojas-R-2025.pdf\">Regular<\/a><\/li>\n\n\n\n<li>Matem\u00e1tica en la Educaci\u00f3n Inicial I<\/li>\n<\/ul>\n\n\n\n<p class=\"has-text-color\" style=\"color:#e37510\"><strong>Segundo Cuatrimestre<\/strong><\/p>\n\n\n\n<ul>\n<li>Ciencias Naturales en la Educaci\u00f3n Inicial<\/li>\n\n\n\n<li>Ciencias Sociales en la Educaci\u00f3n Inicial<\/li>\n\n\n\n<li>Instituciones Educativas<\/li>\n\n\n\n<li>M\u00fasica en la Educaci\u00f3n Inicial<\/li>\n<\/ul>\n\n\n\n<p class=\"has-text-color\" style=\"color:#e37510\"><strong>Anuales<\/strong><\/p>\n\n\n\n<ul>\n<li><a href=\"https:\/\/ifd13-nqn.infd.edu.ar\/sitio\/wp-content\/uploads\/2025\/06\/PEI-2DO-Didactica-nivel-Inicial-I-Ibanez-Baeza-L-2025.pdf\">Did\u00e1ctica en la Educaci\u00f3n Inicial I<\/a><\/li>\n\n\n\n<li><a href=\"https:\/\/ifd13-nqn.infd.edu.ar\/sitio\/wp-content\/uploads\/2025\/06\/PEI-2DO-Sujeto-de-la-educacion-inicial-I-Aguilera-Hormachea-L.pdf\">Sujeto en la Educaci\u00f3n Inicial<\/a> I- <a href=\"https:\/\/ifd13-nqn.infd.edu.ar\/sitio\/wp-content\/uploads\/2025\/06\/PEI-2DO-Sujeto-de-la-educacion-inicial-I-Aguilera-Hormachea-P-2025-PEI-version-final.pdf\">Regular<\/a><\/li>\n\n\n\n<li>Pr\u00e1ctica II<\/li>\n<\/ul>\n\n\n\n<h2 class=\"wp-block-heading has-accent-color has-text-color\">Tercer A\u00f1o<\/h2>\n\n\n\n<p class=\"has-text-color\" style=\"color:#e37510\"><strong>Primer Cuatrimestre<\/strong><\/p>\n\n\n\n<ul>\n<li>Educaci\u00f3n F\u00edsica en la Educaci\u00f3n Inicial<\/li>\n\n\n\n<li>Lengua Oral y Alfabetizaci\u00f3n en la Educaci\u00f3n Inicial<\/li>\n\n\n\n<li>Literatura Infantil en la Educaci\u00f3n Inicial<\/li>\n\n\n\n<li>Problem\u00e1ticas y Perspectivas Pedag\u00f3gicas<\/li>\n<\/ul>\n\n\n\n<p class=\"has-text-color\" style=\"color:#e37510\"><strong>Segundo Cuatrimestre<\/strong><\/p>\n\n\n\n<ul>\n<li>Derechos Humanos: Educaci\u00f3n Sexual Integral y Relaciones de G\u00e9nero<\/li>\n\n\n\n<li>Juegos en el Nivel Inicial<\/li>\n\n\n\n<li>Nuevas Tecnolog\u00edas Educativas en la Educaci\u00f3n Inicial<\/li>\n\n\n\n<li>Taller Articulador de Dise\u00f1o e Implementaci\u00f3n de Proyectos en Contextos de Residencias: Experiencias de Exploraci\u00f3n e Indagaci\u00f3n del Ambiente Social y Natural<\/li>\n\n\n\n<li>Taller Articulador de Dise\u00f1o e Implementaci\u00f3n de Proyectos en Contextos de Residencias: Experiencias en Lenguaje Teatral, Expresi\u00f3n Corporal y Educaci\u00f3n F\u00edsica<\/li>\n\n\n\n<li>Taller Articulador de Dise\u00f1o e Implementaci\u00f3n de Proyectos en Contextos de Residencias: Experiencias Matem\u00e1ticas y Ling\u00fc\u00edsticas.<\/li>\n\n\n\n<li>Taller Articulador de Dise\u00f1o e Implementaci\u00f3n de Proyectos en Contextos de Residencias: Experiencias Musical, Visual, Vocal y T\u00edteres.<\/li>\n\n\n\n<li>V\u00ednculo y Trabajos con Redes Sociales en la Educaci\u00f3n Inicial<\/li>\n<\/ul>\n\n\n\n<p class=\"has-text-color\" style=\"color:#e37510\"><strong>Anuales<\/strong><\/p>\n\n\n\n<ul>\n<li>Did\u00e1ctica de la Educaci\u00f3n Inicial II<\/li>\n\n\n\n<li>Sujeto de la Educaci\u00f3n Inicial II<\/li>\n\n\n\n<li><a href=\"https:\/\/ifd13-nqn.infd.edu.ar\/sitio\/wp-content\/uploads\/2025\/07\/PEI-3\u00b0-Residencia-I-2025.pdf\">Residencia I<\/a><\/li>\n<\/ul>\n\n\n\n<h2 class=\"wp-block-heading has-accent-color has-text-color\">Cuarto A\u00f1o<\/h2>\n\n\n\n<p class=\"has-text-color\" style=\"color:#e37510\"><strong>Primer Cuatrimestre<\/strong><\/p>\n\n\n\n<ul>\n<li>Derechos Humanos: Educaci\u00f3n en la Interculturalidad<\/li>\n\n\n\n<li><a href=\"https:\/\/ifd13-nqn.infd.edu.ar\/sitio\/wp-content\/uploads\/2025\/07\/PEI-4to-Filosofia-de-la-Educacion-ScaraffiaF-L-2025.pdf\">Filosof\u00eda de la Educaci\u00f3n<\/a> &#8211; <a href=\"https:\/\/ifd13-nqn.infd.edu.ar\/sitio\/wp-content\/uploads\/2025\/07\/PEI-4to-Filosofia-de-la-Educacion-Scaraffia-FR-2025.pdf\">Regular<\/a><\/li>\n\n\n\n<li><a href=\"https:\/\/ifd13-nqn.infd.edu.ar\/sitio\/wp-content\/uploads\/2025\/08\/PEI-4TO-Historia-Sociopolitica-Latino.-y-arg.-Mir-Zamora-C-L-2025.docx.pdf\">Historia Sociopol\u00edtica Latinoamericana y Argentina<\/a>&#8211; <a href=\"https:\/\/ifd13-nqn.infd.edu.ar\/sitio\/wp-content\/uploads\/2025\/07\/PEI-2do-Exp.Corporal-Rojas-R-2025.pdf\">Regular<\/a><\/li>\n<\/ul>\n\n\n\n<p class=\"has-text-color\" style=\"color:#e37510\"><strong>Segundo Cuatrimestre<\/strong><\/p>\n\n\n\n<ul>\n<li>Espacio de Definici\u00f3n Institucional III<\/li>\n\n\n\n<li>Espacio de Definici\u00f3n Institucional IV<\/li>\n\n\n\n<li>Legislaci\u00f3n Educativa y Derechos Laborales Docentes<\/li>\n<\/ul>\n\n\n\n<p class=\"has-text-color\" style=\"color:#e37510\"><strong>Anuales<\/strong><\/p>\n\n\n\n<ul>\n<li>Ateneo de Ciencias Sociales y Naturales estudios de casos en situaci\u00f3n de Residencia<\/li>\n\n\n\n<li>Ateneo de Expresi\u00f3n Corporal y Educaci\u00f3n F\u00edsica, estudios de casos en situaci\u00f3n de Residencia<\/li>\n\n\n\n<li>Ateneo de Educaci\u00f3n Musical y Artes Visuales, estudio de casos en situaci\u00f3n de Residencia<\/li>\n\n\n\n<li>Ateneo de Matem\u00e1tica, Lengua y Literatura estudios de casos en situaci\u00f3n de Residencia<\/li>\n\n\n\n<li><a href=\"https:\/\/ifd13-nqn.infd.edu.ar\/sitio\/wp-content\/uploads\/2025\/07\/PEI-4TO-DD-HH.-Infancias-Familias-y-escuelas-Olivera-C-s-2025-.pdf\">Derechos Humanos: Infancias, Familias y Escuelas (Seminario)<\/a><\/li>\n\n\n\n<li>Residencia II<\/li>\n<\/ul>\n","protected":false},"excerpt":{"rendered":"<p>Primer A\u00f1o &#8211; Tronco Com\u00fan Espacio Curricular Planificaciones Programas Regulares (*) Constituci\u00f3n de la Subjetividad en Contextos Educativos A \u2013 B \u2013 C \u2013 D A \u2013 B \u2013 C \u2013D (*) Enfoque Hist\u00f3rico Pol\u00edtico de la Educaci\u00f3n Argentina A \u2013 B \u2013 C \u2013 D A \u2013 B \u2013 C \u2013 D (*) Espacio &#8230; <a title=\"Profesorado de Educaci\u00f3n Inicial (PEI) &#8211; 2025\" class=\"read-more\" href=\"https:\/\/ifd13-nqn.infd.edu.ar\/sitio\/profesorado-de-educacion-inicial-pei-2025\/\" aria-label=\"More on Profesorado de Educaci\u00f3n Inicial (PEI) &#8211; 2025\">[+]<\/a><\/p>\n","protected":false},"author":1709,"featured_media":0,"comment_status":"closed","ping_status":"open","sticky":false,"template":"","format":"standard","meta":[],"categories":[1],"tags":[],"acf":[],"_links":{"self":[{"href":"https:\/\/ifd13-nqn.infd.edu.ar\/sitio\/wp-json\/wp\/v2\/posts\/2829"}],"collection":[{"href":"https:\/\/ifd13-nqn.infd.edu.ar\/sitio\/wp-json\/wp\/v2\/posts"}],"about":[{"href":"https:\/\/ifd13-nqn.infd.edu.ar\/sitio\/wp-json\/wp\/v2\/types\/post"}],"author":[{"embeddable":true,"href":"https:\/\/ifd13-nqn.infd.edu.ar\/sitio\/wp-json\/wp\/v2\/users\/1709"}],"replies":[{"embeddable":true,"href":"https:\/\/ifd13-nqn.infd.edu.ar\/sitio\/wp-json\/wp\/v2\/comments?post=2829"}],"version-history":[{"count":17,"href":"https:\/\/ifd13-nqn.infd.edu.ar\/sitio\/wp-json\/wp\/v2\/posts\/2829\/revisions"}],"predecessor-version":[{"id":3227,"href":"https:\/\/ifd13-nqn.infd.edu.ar\/sitio\/wp-json\/wp\/v2\/posts\/2829\/revisions\/3227"}],"wp:attachment":[{"href":"https:\/\/ifd13-nqn.infd.edu.ar\/sitio\/wp-json\/wp\/v2\/media?parent=2829"}],"wp:term":[{"taxonomy":"category","embeddable":true,"href":"https:\/\/ifd13-nqn.infd.edu.ar\/sitio\/wp-json\/wp\/v2\/categories?post=2829"},{"taxonomy":"post_tag","embeddable":true,"href":"https:\/\/ifd13-nqn.infd.edu.ar\/sitio\/wp-json\/wp\/v2\/tags?post=2829"}],"curies":[{"name":"wp","href":"https:\/\/api.w.org\/{rel}","templated":true}]}}