{"id":2816,"date":"2025-06-09T21:15:08","date_gmt":"2025-06-10T00:15:08","guid":{"rendered":"https:\/\/ifd13-nqn.infd.edu.ar\/sitio\/?p=2816"},"modified":"2025-06-24T20:35:10","modified_gmt":"2025-06-24T23:35:10","slug":"profesorado-de-educacion-inicial-pei-2024","status":"publish","type":"post","link":"https:\/\/ifd13-nqn.infd.edu.ar\/sitio\/profesorado-de-educacion-inicial-pei-2024\/","title":{"rendered":"Profesorado de Educaci\u00f3n Inicial (PEI) &#8211; 2024"},"content":{"rendered":"\n<h3 class=\"wp-block-heading has-accent-color has-text-color\"><strong><strong>Primer A\u00f1o<\/strong><\/strong> &#8211; Tronco Com\u00fan<\/h3>\n\n\n\n<figure class=\"wp-block-table\"><table><tbody><tr><td><strong>Espacio Curricular<\/strong><\/td><td class=\"has-text-align-center\" data-align=\"center\"><strong>Planificaciones<\/strong><\/td><td class=\"has-text-align-center\" data-align=\"center\"><strong>Programas Regulares<\/strong><\/td><\/tr><tr><td>(*) Constituci\u00f3n de la Subjetividad en Contextos Educativos<\/td><td class=\"has-text-align-center\" data-align=\"center\"><a href=\"https:\/\/ifd13-nqn.infd.edu.ar\/sitio\/wp-content\/uploads\/2024\/10\/1-A-B-C-D-Constitucion-PROGRAMA-DE-EXAMEN-LIBRE-2024-constitucion.docx.pdf\" target=\"_blank\" rel=\"noreferrer noopener\">A &#8211; B &#8211; C &#8211; D<\/a><\/td><td class=\"has-text-align-center\" data-align=\"center\">A &#8211; <a href=\"https:\/\/ifd13-nqn.infd.edu.ar\/sitio\/wp-content\/uploads\/2024\/10\/1-B-Planificacion-Constitucion-1b.pdf\" target=\"_blank\" rel=\"noreferrer noopener\">B<\/a> &#8211; C &#8211; <a href=\"https:\/\/ifd13-nqn.infd.edu.ar\/sitio\/wp-content\/uploads\/2024\/11\/1-D-Programa-regulares-constitucion-de-la-subjetividad-ano-2024.pdf\" target=\"_blank\" rel=\"noreferrer noopener\">D<\/a><\/td><\/tr><tr><td>(*) Enfoque Hist\u00f3rico Pol\u00edtico de la Educaci\u00f3n Argentina<\/td><td class=\"has-text-align-center\" data-align=\"center\">A &#8211; B &#8211; C &#8211; D<\/td><td class=\"has-text-align-center\" data-align=\"center\"><a href=\"https:\/\/ifd13-nqn.infd.edu.ar\/sitio\/wp-content\/uploads\/2024\/10\/1-A-Programa-LIBRES-Enfoque-Historico-politico-Prof.-Quiroga-1%C2%B0-Cuatrimestre-2024.pdf\" target=\"_blank\" rel=\"noreferrer noopener\">A<\/a> &#8211; B &#8211; C &#8211; <a href=\"https:\/\/ifd13-nqn.infd.edu.ar\/sitio\/wp-content\/uploads\/2024\/10\/1-D-2024-ENFOQUE-historico-politico.docx.pdf\" target=\"_blank\" rel=\"noreferrer noopener\">D<\/a><\/td><\/tr><tr><td>(*) Espacio de Definici\u00f3n Institucional I<\/td><td class=\"has-text-align-center\" data-align=\"center\">A &#8211; B &#8211; C &#8211; D<\/td><td class=\"has-text-align-center\" data-align=\"center\">A &#8211; B &#8211; C &#8211; D<\/td><\/tr><tr><td>(**) Conocimiento<\/td><td class=\"has-text-align-center\" data-align=\"center\">A &#8211; <a href=\"https:\/\/ifd13-nqn.infd.edu.ar\/sitio\/wp-content\/uploads\/2024\/11\/P-1-B-Conocimiento-LIBRES.pdf\" target=\"_blank\" rel=\"noreferrer noopener\">B<\/a> &#8211; C &#8211; D<\/td><td class=\"has-text-align-center\" data-align=\"center\">A &#8211; <a href=\"https:\/\/ifd13-nqn.infd.edu.ar\/sitio\/wp-content\/uploads\/2024\/11\/P-1-B-Conocimiento-REGULARES.pdf\" target=\"_blank\" rel=\"noreferrer noopener\">B<\/a> &#8211; C &#8211; D<\/td><\/tr><tr><td>(**) Enfoque Sociocultural de la Educaci\u00f3n<\/td><td class=\"has-text-align-center\" data-align=\"center\">A &#8211; B &#8211; C &#8211; <a href=\"https:\/\/ifd13-nqn.infd.edu.ar\/sitio\/wp-content\/uploads\/2024\/11\/P-1-D-Enfoque-Sociocultural-de-la-Educacion-LIBRE.pdf\" target=\"_blank\" rel=\"noreferrer noopener\">D<\/a><\/td><td class=\"has-text-align-center\" data-align=\"center\">A &#8211; B &#8211; <a href=\"https:\/\/ifd13-nqn.infd.edu.ar\/sitio\/wp-content\/uploads\/2024\/10\/programa-de-Enfoque-Sociocultural-de-la-educacion-2024.pdf\" target=\"_blank\" rel=\"noreferrer noopener\">C<\/a> &#8211; <a href=\"https:\/\/ifd13-nqn.infd.edu.ar\/sitio\/wp-content\/uploads\/2024\/11\/1%C2%B0-D-Enfoque-Sociocultural-programa-REGULARES.pdf\" target=\"_blank\" rel=\"noreferrer noopener\">D<\/a><\/td><\/tr><tr><td>An\u00e1lisis de las Experiencias en las Disciplinas Escolares<\/td><td class=\"has-text-align-center\" data-align=\"center\"><a href=\"https:\/\/ifd13-nqn.infd.edu.ar\/sitio\/wp-content\/uploads\/2024\/10\/1-A-B-C-D-PLANIFICACION-DE-AEDE-2024.pdf\" target=\"_blank\" rel=\"noreferrer noopener\">A &#8211; B &#8211; C &#8211; D<\/a><\/td><td class=\"has-text-align-center\" data-align=\"center\"><\/td><\/tr><tr><td>Did\u00e1ctica General<\/td><td class=\"has-text-align-center\" data-align=\"center\"><a href=\"https:\/\/ifd13-nqn.infd.edu.ar\/sitio\/wp-content\/uploads\/2024\/10\/1-A-B-C-D-Programa-LIBRES-Didactica-Gral_043827.pdf\" target=\"_blank\" rel=\"noreferrer noopener\">A &#8211; B &#8211; C &#8211; D<\/a><\/td><td class=\"has-text-align-center\" data-align=\"center\"><a href=\"https:\/\/ifd13-nqn.infd.edu.ar\/sitio\/wp-content\/uploads\/2024\/10\/1-A-B-C-D-Planificacion-Didactica-Gral-2024_063627.pdf\" target=\"_blank\" rel=\"noreferrer noopener\">A &#8211; B &#8211; C &#8211; D<\/a><\/td><\/tr><tr><td>Espacio de Experimentaci\u00f3n Est\u00e9tico Expresiva<\/td><td class=\"has-text-align-center\" data-align=\"center\"><a href=\"https:\/\/ifd13-nqn.infd.edu.ar\/sitio\/wp-content\/uploads\/2024\/10\/Planificacion-EEEE-1o-2024.pdf\" target=\"_blank\" rel=\"noreferrer noopener\">A &#8211; B &#8211; C &#8211; D<\/a><\/td><td class=\"has-text-align-center\" data-align=\"center\"><\/td><\/tr><tr><td>Lectura, Escritura y Oralidad<\/td><td class=\"has-text-align-center\" data-align=\"center\">A &#8211; B &#8211; <a href=\"https:\/\/ifd13-nqn.infd.edu.ar\/sitio\/wp-content\/uploads\/2024\/10\/1-C-Planificacion-de-LEO-2024.pdf\" target=\"_blank\" rel=\"noreferrer noopener\">C<\/a> &#8211; D<\/td><td class=\"has-text-align-center\" data-align=\"center\"><\/td><\/tr><tr><td>Pr\u00e1ctica I<\/td><td class=\"has-text-align-center\" data-align=\"center\"><a href=\"https:\/\/ifd13-nqn.infd.edu.ar\/sitio\/wp-content\/uploads\/2024\/10\/1-A-B-C-D-Planificacion-y-encuadre-Practica-I-2024-1.pdf\" target=\"_blank\" rel=\"noreferrer noopener\">A &#8211; B &#8211; C &#8211; D<\/a><\/td><td class=\"has-text-align-center\" data-align=\"center\"><\/td><\/tr><\/tbody><\/table><figcaption class=\"wp-element-caption\"><strong>(*) Primer Cuatrimestre<\/strong><\/figcaption><\/figure>\n\n\n\n<p><strong>(**) Segundo Cuatrimestre<\/strong><\/p>\n\n\n\n<h2 class=\"wp-block-heading has-accent-color has-text-color\">Segundo A\u00f1o<\/h2>\n\n\n\n<p class=\"has-text-color\" style=\"color:#e37510\"><strong>Primer Cuatrimestre<\/strong><\/p>\n\n\n\n<ul>\n<li>Aprendizaje<\/li>\n\n\n\n<li>Artes Visuales en la Educaci\u00f3n Inicial<\/li>\n\n\n\n<li>Espacio de Definici\u00f3n Institucional II<\/li>\n\n\n\n<li>Expresi\u00f3n Corporal en la Educaci\u00f3n Inicial<\/li>\n\n\n\n<li>Matem\u00e1tica en la Educaci\u00f3n Inicial I<\/li>\n<\/ul>\n\n\n\n<p class=\"has-text-color\" style=\"color:#e37510\"><strong>Segundo Cuatrimestre<\/strong><\/p>\n\n\n\n<ul>\n<li>Ciencias Naturales en la Educaci\u00f3n Inicial<\/li>\n\n\n\n<li>Ciencias Sociales en la Educaci\u00f3n Inicial<\/li>\n\n\n\n<li>Instituciones Educativas<\/li>\n\n\n\n<li>M\u00fasica en la Educaci\u00f3n Inicial<\/li>\n<\/ul>\n\n\n\n<p class=\"has-text-color\" style=\"color:#e37510\"><strong>Anuales<\/strong><\/p>\n\n\n\n<ul>\n<li>Did\u00e1ctica en la Educaci\u00f3n Inicial I<\/li>\n\n\n\n<li>Sujeto en la Educaci\u00f3n Inicial I<\/li>\n\n\n\n<li>Pr\u00e1ctica II<\/li>\n<\/ul>\n\n\n\n<h2 class=\"wp-block-heading has-accent-color has-text-color\">Tercer A\u00f1o<\/h2>\n\n\n\n<p class=\"has-text-color\" style=\"color:#e37510\"><strong>Primer Cuatrimestre<\/strong><\/p>\n\n\n\n<ul>\n<li>Educaci\u00f3n F\u00edsica en la Educaci\u00f3n Inicial<\/li>\n\n\n\n<li>Lengua Oral y Alfabetizaci\u00f3n en la Educaci\u00f3n Inicial<\/li>\n\n\n\n<li>Literatura Infantil en la Educaci\u00f3n Inicial<\/li>\n\n\n\n<li>Problem\u00e1ticas y Perspectivas Pedag\u00f3gicas<\/li>\n<\/ul>\n\n\n\n<p class=\"has-text-color\" style=\"color:#e37510\"><strong>Segundo Cuatrimestre<\/strong><\/p>\n\n\n\n<ul>\n<li>Derechos Humanos: Educaci\u00f3n Sexual Integral y Relaciones de G\u00e9nero<\/li>\n\n\n\n<li>Juegos en el Nivel Inicial<\/li>\n\n\n\n<li>Nuevas Tecnolog\u00edas Educativas en la Educaci\u00f3n Inicial<\/li>\n\n\n\n<li>Taller Articulador de Dise\u00f1o e Implementaci\u00f3n de Proyectos en Contextos de Residencias: Experiencias de Exploraci\u00f3n e Indagaci\u00f3n del Ambiente Social y Natural<\/li>\n\n\n\n<li>Taller Articulador de Dise\u00f1o e Implementaci\u00f3n de Proyectos en Contextos de Residencias: Experiencias en Lenguaje Teatral, Expresi\u00f3n Corporal y Educaci\u00f3n F\u00edsica<\/li>\n\n\n\n<li>Taller Articulador de Dise\u00f1o e Implementaci\u00f3n de Proyectos en Contextos de Residencias: Experiencias Matem\u00e1ticas y Ling\u00fc\u00edsticas.<\/li>\n\n\n\n<li>Taller Articulador de Dise\u00f1o e Implementaci\u00f3n de Proyectos en Contextos de Residencias: Experiencias Musical, Visual, Vocal y T\u00edteres.<\/li>\n\n\n\n<li>V\u00ednculo y Trabajos con Redes Sociales en la Educaci\u00f3n Inicial<\/li>\n<\/ul>\n\n\n\n<p class=\"has-text-color\" style=\"color:#e37510\"><strong>Anuales<\/strong><\/p>\n\n\n\n<ul>\n<li>Did\u00e1ctica de la Educaci\u00f3n Inicial II<\/li>\n\n\n\n<li>Sujeto de la Educaci\u00f3n Inicial II<\/li>\n\n\n\n<li>Residencia I<\/li>\n<\/ul>\n\n\n\n<h2 class=\"wp-block-heading has-accent-color has-text-color\">Cuarto A\u00f1o<\/h2>\n\n\n\n<p class=\"has-text-color\" style=\"color:#e37510\"><strong>Primer Cuatrimestre<\/strong><\/p>\n\n\n\n<ul>\n<li>Derechos Humanos: Educaci\u00f3n en la Interculturalidad<\/li>\n\n\n\n<li>Filosof\u00eda de la Educaci\u00f3n<\/li>\n\n\n\n<li>Historia Sociopol\u00edtica Latinoamericana y Argentina<\/li>\n<\/ul>\n\n\n\n<p class=\"has-text-color\" style=\"color:#e37510\"><strong>Segundo Cuatrimestre<\/strong><\/p>\n\n\n\n<ul>\n<li>Espacio de Definici\u00f3n Institucional III<\/li>\n\n\n\n<li>Espacio de Definici\u00f3n Institucional IV<\/li>\n\n\n\n<li>Legislaci\u00f3n Educativa y Derechos Laborales Docentes<\/li>\n<\/ul>\n\n\n\n<p class=\"has-text-color\" style=\"color:#e37510\"><strong>Anuales<\/strong><\/p>\n\n\n\n<ul>\n<li>Ateneo de Ciencias Sociales y Naturales estudios de casos en situaci\u00f3n de Residencia<\/li>\n\n\n\n<li>Ateneo de Expresi\u00f3n Corporal y Educaci\u00f3n F\u00edsica, estudios de casos en situaci\u00f3n de Residencia<\/li>\n\n\n\n<li>Ateneo de Educaci\u00f3n Musical y Artes Visuales, estudio de casos en situaci\u00f3n de Residencia<\/li>\n\n\n\n<li>Ateneo de Matem\u00e1tica, Lengua y Literatura estudios de casos en situaci\u00f3n de Residencia<\/li>\n\n\n\n<li>Derechos Humanos: Infancias, Familias y Escuelas<\/li>\n\n\n\n<li>Residencia II<\/li>\n<\/ul>\n","protected":false},"excerpt":{"rendered":"<p>Primer A\u00f1o &#8211; Tronco Com\u00fan Espacio Curricular Planificaciones Programas Regulares (*) Constituci\u00f3n de la Subjetividad en Contextos Educativos A &#8211; B &#8211; C &#8211; D A &#8211; B &#8211; C &#8211; D (*) Enfoque Hist\u00f3rico Pol\u00edtico de la Educaci\u00f3n Argentina A &#8211; B &#8211; C &#8211; D A &#8211; B &#8211; C &#8211; D (*) &#8230; <a title=\"Profesorado de Educaci\u00f3n Inicial (PEI) &#8211; 2024\" class=\"read-more\" href=\"https:\/\/ifd13-nqn.infd.edu.ar\/sitio\/profesorado-de-educacion-inicial-pei-2024\/\" aria-label=\"More on Profesorado de Educaci\u00f3n Inicial (PEI) &#8211; 2024\">[+]<\/a><\/p>\n","protected":false},"author":1709,"featured_media":0,"comment_status":"closed","ping_status":"open","sticky":false,"template":"","format":"standard","meta":[],"categories":[1],"tags":[],"acf":[],"_links":{"self":[{"href":"https:\/\/ifd13-nqn.infd.edu.ar\/sitio\/wp-json\/wp\/v2\/posts\/2816"}],"collection":[{"href":"https:\/\/ifd13-nqn.infd.edu.ar\/sitio\/wp-json\/wp\/v2\/posts"}],"about":[{"href":"https:\/\/ifd13-nqn.infd.edu.ar\/sitio\/wp-json\/wp\/v2\/types\/post"}],"author":[{"embeddable":true,"href":"https:\/\/ifd13-nqn.infd.edu.ar\/sitio\/wp-json\/wp\/v2\/users\/1709"}],"replies":[{"embeddable":true,"href":"https:\/\/ifd13-nqn.infd.edu.ar\/sitio\/wp-json\/wp\/v2\/comments?post=2816"}],"version-history":[{"count":5,"href":"https:\/\/ifd13-nqn.infd.edu.ar\/sitio\/wp-json\/wp\/v2\/posts\/2816\/revisions"}],"predecessor-version":[{"id":2945,"href":"https:\/\/ifd13-nqn.infd.edu.ar\/sitio\/wp-json\/wp\/v2\/posts\/2816\/revisions\/2945"}],"wp:attachment":[{"href":"https:\/\/ifd13-nqn.infd.edu.ar\/sitio\/wp-json\/wp\/v2\/media?parent=2816"}],"wp:term":[{"taxonomy":"category","embeddable":true,"href":"https:\/\/ifd13-nqn.infd.edu.ar\/sitio\/wp-json\/wp\/v2\/categories?post=2816"},{"taxonomy":"post_tag","embeddable":true,"href":"https:\/\/ifd13-nqn.infd.edu.ar\/sitio\/wp-json\/wp\/v2\/tags?post=2816"}],"curies":[{"name":"wp","href":"https:\/\/api.w.org\/{rel}","templated":true}]}}